{"id":1138,"date":"2011-05-27T00:30:02","date_gmt":"2011-05-26T22:30:02","guid":{"rendered":"http:\/\/titeroute.org\/?p=1138"},"modified":"2011-08-03T23:44:09","modified_gmt":"2011-08-03T21:44:09","slug":"au-fil-des-jours-mai","status":"publish","type":"post","link":"http:\/\/titeroute.org\/?p=1138","title":{"rendered":"Au fil des jours &#8211; Mai 2011"},"content":{"rendered":"<p><strong>Vendredi 27 mai<\/strong><br \/>\nOn commence par des pyl\u00f4nes.<\/p>\n<table border=\"0\" align=\"center\">\n<tbody>\n<tr>\n<td align=\"center\" valign=\"middle\"><a rel=\"lightbox[balade]\" href=\"http:\/\/titeroute.org\/Photos\/2011\/05_Mois\/DSC03857.jpg\"><img decoding=\"async\" src=\"http:\/\/titeroute.org\/Photos\/2011\/05_Mois\/TN_DSC03857.jpg\" alt=\"Vue sur Issoire\" \/><br \/>\nVue sur Issoire<\/a><\/td>\n<\/tr>\n<\/tbody>\n<\/table>\n<p>On continue avec des herbes au soleil couchant.<\/p>\n<table border=\"0\" align=\"center\">\n<tbody>\n<tr>\n<td align=\"center\" valign=\"middle\"><a rel=\"lightbox[balade]\" href=\"http:\/\/titeroute.org\/Photos\/2011\/05_Mois\/DSC03867.jpg\"><img decoding=\"async\" src=\"http:\/\/titeroute.org\/Photos\/2011\/05_Mois\/TN_DSC03867.jpg\" alt=\"Gramin\u00e9es\" \/><br \/>\nGramin\u00e9es<\/a><\/td>\n<td align=\"center\" valign=\"middle\"><a rel=\"lightbox[balade]\" href=\"http:\/\/titeroute.org\/Photos\/2011\/05_Mois\/DSC03918.jpg\"><img decoding=\"async\" src=\"http:\/\/titeroute.org\/Photos\/2011\/05_Mois\/TN_DSC03918.jpg\" alt=\"Pench\u00e9es sous les nuages\" \/><br \/>\nPench\u00e9es sous les nuages<\/a><\/td>\n<\/tr>\n<\/tbody>\n<\/table>\n<p>Et on finit par deux portraits.<\/p>\n<table border=\"0\" align=\"center\">\n<tbody>\n<tr>\n<td align=\"center\" valign=\"middle\"><a rel=\"lightbox[balade]\" href=\"http:\/\/titeroute.org\/Photos\/2011\/05_Mois\/DSC03811.jpg\"><img decoding=\"async\" src=\"http:\/\/titeroute.org\/Photos\/2011\/05_Mois\/TN_DSC03811.jpg\" alt=\"Reflet\" \/><br \/>\nReflet<\/a><\/td>\n<td align=\"center\" valign=\"middle\"><a rel=\"lightbox[balade]\" href=\"http:\/\/titeroute.org\/Photos\/2011\/05_Mois\/DSC03830.jpg\"><img decoding=\"async\" src=\"http:\/\/titeroute.org\/Photos\/2011\/05_Mois\/TN_DSC03830.jpg\" alt=\"R\u00e9tro\" \/><br \/>\nR\u00e9tro<\/a><\/td>\n<\/tr>\n<\/tbody>\n<\/table>\n<p><strong>Lundi 23 mai<\/strong><br \/>\nFicelle prend la pose.<\/p>\n<table border=\"0\" align=\"center\">\n<tbody>\n<tr>\n<td align=\"center\" valign=\"middle\"><a rel=\"lightbox[balade]\" href=\"http:\/\/titeroute.org\/Photos\/2011\/05_Mois\/DSC03724.jpg\"><img decoding=\"async\" src=\"http:\/\/titeroute.org\/Photos\/2011\/05_Mois\/TN_DSC03724.jpg\" alt=\"Portrait\" \/><br \/>\nPortrait<\/a><\/td>\n<\/tr>\n<\/tbody>\n<\/table>\n<p>Le vent dans les herbes, le soir, au bord des champs.<\/p>\n<table border=\"0\" align=\"center\">\n<tbody>\n<tr>\n<td align=\"center\" valign=\"middle\"><a rel=\"lightbox[balade]\" href=\"http:\/\/titeroute.org\/Photos\/2011\/05_Mois\/DSC03697.jpg\"><img decoding=\"async\" src=\"http:\/\/titeroute.org\/Photos\/2011\/05_Mois\/TN_DSC03697.jpg\" alt=\"Flou\" \/><br \/>\nFlou<\/a><\/td>\n<td align=\"center\" valign=\"middle\"><a rel=\"lightbox[balade]\" href=\"http:\/\/titeroute.org\/Photos\/2011\/05_Mois\/DSC03706.jpg\"><img decoding=\"async\" src=\"http:\/\/titeroute.org\/Photos\/2011\/05_Mois\/TN_DSC03706.jpg\" alt=\"Le ch\u00eane et les roseaux\" \/><br \/>\nLe ch\u00eane et les roseaux<\/a><\/td>\n<\/tr>\n<\/tbody>\n<\/table>\n<p><strong>Vendredi 20 mai<\/strong><br \/>\nMotards en balade<\/p>\n<table border=\"0\" align=\"center\">\n<tbody>\n<tr>\n<td align=\"center\" valign=\"middle\"><a rel=\"lightbox[balade]\" href=\"http:\/\/titeroute.org\/Photos\/2011\/05_Mois\/DSC02946.jpg\"><img decoding=\"async\" src=\"http:\/\/titeroute.org\/Photos\/2011\/05_Mois\/TN_DSC02946.jpg\" alt=\"Yannick et Fanny\" \/><br \/>\nYannick et Fanny<\/a><\/td>\n<\/tr>\n<\/tbody>\n<\/table>\n<p><strong>Jeudi 19 mai<\/strong><br \/>\nCouchers de soleil, encore, toujours&#8230;<\/p>\n<table border=\"0\" align=\"center\">\n<tbody>\n<tr>\n<td align=\"center\" valign=\"middle\"><a rel=\"lightbox[balade]\" href=\"http:\/\/titeroute.org\/Photos\/2011\/05_Mois\/DSC03429.jpg\"><img decoding=\"async\" src=\"http:\/\/titeroute.org\/Photos\/2011\/05_Mois\/TN_DSC03429.jpg\" alt=\"Dans les champs\" \/><br \/>\nDans les champs<\/a><\/td>\n<td align=\"center\" valign=\"middle\"><a rel=\"lightbox[balade]\" href=\"http:\/\/titeroute.org\/Photos\/2011\/05_Mois\/DSC03464.jpg\"><img decoding=\"async\" src=\"http:\/\/titeroute.org\/Photos\/2011\/05_Mois\/TN_DSC03464.jpg\" alt=\"Ligne d'horizon\" \/><br \/>\nLigne d&rsquo;horizon<\/a><\/td>\n<\/tr>\n<tr>\n<td align=\"center\" valign=\"middle\"><a rel=\"lightbox[balade]\" href=\"http:\/\/titeroute.org\/Photos\/2011\/05_Mois\/DSC03498.jpg\"><img decoding=\"async\" src=\"http:\/\/titeroute.org\/Photos\/2011\/05_Mois\/TN_DSC03498.jpg\" alt=\"Lumi\u00e8re rasante\" \/><br \/>\nLumi\u00e8re rasante<\/a><\/td>\n<td align=\"center\" valign=\"middle\"><a rel=\"lightbox[balade]\" href=\"http:\/\/titeroute.org\/Photos\/2011\/05_Mois\/DSC03505.jpg\"><img decoding=\"async\" src=\"http:\/\/titeroute.org\/Photos\/2011\/05_Mois\/TN_DSC03505.jpg\" alt=\"Ondulations du terrain\" \/><br \/>\nOndulations du terrain<\/a><\/td>\n<\/tr>\n<\/tbody>\n<\/table>\n<p><strong>Jeudi 12 mai<\/strong><br \/>\nUn chat, un oiseau. Un escalier, une cour. Paris, la province.<\/p>\n<table border=\"0\" align=\"center\">\n<tbody>\n<tr>\n<td align=\"center\" valign=\"middle\"><a rel=\"lightbox[balade]\" href=\"http:\/\/titeroute.org\/Photos\/2011\/05_Mois\/DSC03414.jpg\"><img decoding=\"async\" src=\"http:\/\/titeroute.org\/Photos\/2011\/05_Mois\/TN_DSC03414.jpg\" alt=\"Un chat dans l'escalier\" \/><br \/>\nUn chat dans l&rsquo;escalier<\/a><\/td>\n<td align=\"center\" valign=\"middle\"><a rel=\"lightbox[balade]\" href=\"http:\/\/titeroute.org\/Photos\/2011\/05_Mois\/DSC03419.jpg\"><img decoding=\"async\" src=\"http:\/\/titeroute.org\/Photos\/2011\/05_Mois\/TN_DSC03419.jpg\" alt=\"Ne pas faire peur aux oiseaux\" \/><br \/>\nNe pas faire peur aux oiseaux<\/a><\/td>\n<\/tr>\n<\/tbody>\n<\/table>\n<p><strong>Vendredi 6 mai<\/strong><br \/>\nLever du jour \u00e0 Paris, chez Elisa et PY.<\/p>\n<table border=\"0\" align=\"center\">\n<tbody>\n<tr>\n<td align=\"center\" valign=\"middle\"><a rel=\"lightbox[balade]\" href=\"http:\/\/titeroute.org\/Photos\/2011\/05_Mois\/DSC02973.jpg\"><img decoding=\"async\" src=\"http:\/\/titeroute.org\/Photos\/2011\/05_Mois\/TN_DSC02973.jpg\" alt=\"Toits parisiens\" \/><br \/>\nToits parisiens<\/a><\/td>\n<\/tr>\n<\/tbody>\n<\/table>\n<p><strong>Lundi 2 mai<\/strong><br \/>\nBalade de printemps<\/p>\n<table border=\"0\" align=\"center\">\n<tbody>\n<tr>\n<td align=\"center\" valign=\"middle\"><a rel=\"lightbox[balade]\" href=\"http:\/\/titeroute.org\/Photos\/2011\/05_Mois\/DSC02968.jpg\"><img decoding=\"async\" src=\"http:\/\/titeroute.org\/Photos\/2011\/05_Mois\/TN_DSC02968.jpg\" alt=\"C'est le printemps\" \/><br \/>\nC&rsquo;est le printemps<\/a><\/td>\n<\/tr>\n<\/tbody>\n<\/table>\n","protected":false},"excerpt":{"rendered":"<p>Vendredi 27 mai On commence par des pyl\u00f4nes. Vue sur Issoire On continue avec des herbes au soleil couchant. Gramin\u00e9es Pench\u00e9es sous les nuages Et &hellip; <\/p>\n","protected":false},"author":1,"featured_media":0,"comment_status":"closed","ping_status":"closed","sticky":false,"template":"","format":"standard","meta":{"footnotes":""},"categories":[6],"tags":[],"class_list":["post-1138","post","type-post","status-publish","format-standard","hentry","category-02_photos","has-meta"],"_links":{"self":[{"href":"http:\/\/titeroute.org\/index.php?rest_route=\/wp\/v2\/posts\/1138","targetHints":{"allow":["GET"]}}],"collection":[{"href":"http:\/\/titeroute.org\/index.php?rest_route=\/wp\/v2\/posts"}],"about":[{"href":"http:\/\/titeroute.org\/index.php?rest_route=\/wp\/v2\/types\/post"}],"author":[{"embeddable":true,"href":"http:\/\/titeroute.org\/index.php?rest_route=\/wp\/v2\/users\/1"}],"replies":[{"embeddable":true,"href":"http:\/\/titeroute.org\/index.php?rest_route=%2Fwp%2Fv2%2Fcomments&post=1138"}],"version-history":[{"count":11,"href":"http:\/\/titeroute.org\/index.php?rest_route=\/wp\/v2\/posts\/1138\/revisions"}],"predecessor-version":[{"id":1140,"href":"http:\/\/titeroute.org\/index.php?rest_route=\/wp\/v2\/posts\/1138\/revisions\/1140"}],"wp:attachment":[{"href":"http:\/\/titeroute.org\/index.php?rest_route=%2Fwp%2Fv2%2Fmedia&parent=1138"}],"wp:term":[{"taxonomy":"category","embeddable":true,"href":"http:\/\/titeroute.org\/index.php?rest_route=%2Fwp%2Fv2%2Fcategories&post=1138"},{"taxonomy":"post_tag","embeddable":true,"href":"http:\/\/titeroute.org\/index.php?rest_route=%2Fwp%2Fv2%2Ftags&post=1138"}],"curies":[{"name":"wp","href":"https:\/\/api.w.org\/{rel}","templated":true}]}}