{"id":1150,"date":"2011-05-11T08:52:04","date_gmt":"2011-05-11T06:52:04","guid":{"rendered":"http:\/\/titeroute.org\/?p=1150"},"modified":"2013-06-14T00:40:26","modified_gmt":"2013-06-13T22:40:26","slug":"bol-dor-samedi-16-avril-23","status":"publish","type":"post","link":"http:\/\/titeroute.org\/?p=1150","title":{"rendered":"Bol d&rsquo;Or : samedi 16 avril [2\/3]"},"content":{"rendered":"<p><strong>Samedi 16 avril<\/strong><br \/>\nCa y est, c&rsquo;est le grand jour, celui de la course. D\u00e9part programm\u00e9 pour 15 h. Le matin est consacr\u00e9 aux derni\u00e8res pr\u00e9parations de la moto, et \u00e7a bricole dans les boxes.<\/p>\n<table border=\"0\" align=\"center\">\n<tbody>\n<tr>\n<td align=\"center\" valign=\"middle\"><a href=\"http:\/\/titeroute.org\/Moto\/2011\/04-boldor\/DSC00432.jpg\" rel=\"lightbox[balade]\"><img decoding=\"async\" alt=\"Ultime pr\u00e9paration\" src=\"http:\/\/titeroute.org\/Moto\/2011\/04-boldor\/TN_DSC00432.jpg\" \/><br \/>\nUltime pr\u00e9paration<\/a><\/td>\n<td align=\"center\" valign=\"middle\"><a href=\"http:\/\/titeroute.org\/Moto\/2011\/04-boldor\/DSC00419.jpg\" rel=\"lightbox[balade]\"><img decoding=\"async\" alt=\"Le temps qui passe\" src=\"http:\/\/titeroute.org\/Moto\/2011\/04-boldor\/TN_DSC00419.jpg\" \/><br \/>\nLe temps qui passe<\/a><\/td>\n<\/tr>\n<\/tbody>\n<\/table>\n<p>Petit \u00e0 petit, les gradins se remplissent.<\/p>\n<table border=\"0\" align=\"center\">\n<tbody>\n<tr>\n<td align=\"center\" valign=\"middle\"><a href=\"http:\/\/titeroute.org\/Moto\/2011\/04-boldor\/DSC00439.jpg\" rel=\"lightbox[balade]\"><img decoding=\"async\" alt=\"Haut perch\u00e9s\" src=\"http:\/\/titeroute.org\/Moto\/2011\/04-boldor\/TN_DSC00439.jpg\" \/><br \/>\nHaut perch\u00e9s<\/a><\/td>\n<\/tr>\n<\/tbody>\n<\/table>\n<p>La matin\u00e9e avance, warm-up, visite des stands par les VIP (au pas de course), pr\u00e9paration des machines et pilotes pour le d\u00e9part. Tout le monde se retrouve sur la piste, la tension monte, les pilotes s&rsquo;alignent pour partir.<\/p>\n<table border=\"0\" align=\"center\">\n<tbody>\n<tr>\n<td align=\"center\" valign=\"middle\"><a href=\"http:\/\/titeroute.org\/Moto\/2011\/04-boldor\/_DSC2342-2.jpg\" rel=\"lightbox[balade]\"><img decoding=\"async\" alt=\"Etirement\" src=\"http:\/\/titeroute.org\/Moto\/2011\/04-boldor\/TN__DSC2342-2.jpg\" \/><br \/>\nEtirement<\/a><\/td>\n<td align=\"center\" valign=\"middle\"><a href=\"http:\/\/titeroute.org\/Moto\/2011\/04-boldor\/_DSC2336-2.jpg\" rel=\"lightbox[balade]\"><img decoding=\"async\" alt=\"Tension\" src=\"http:\/\/titeroute.org\/Moto\/2011\/04-boldor\/TN__DSC2336-2.jpg\" \/><br \/>\nTension<\/a><\/td>\n<td align=\"center\" valign=\"middle\"><a href=\"http:\/\/titeroute.org\/Moto\/2011\/04-boldor\/DSC00451.jpg\" rel=\"lightbox[balade]\"><img decoding=\"async\" alt=\"Starting-blocks\" src=\"http:\/\/titeroute.org\/Moto\/2011\/04-boldor\/TN_DSC00451.jpg\" \/><br \/>\nStarting blocks<\/a><\/td>\n<\/tr>\n<\/tbody>\n<\/table>\n<p>Et c&rsquo;est le d\u00e9part !<\/p>\n<table border=\"0\" align=\"center\">\n<tbody>\n<tr>\n<td align=\"center\" valign=\"middle\"><a href=\"http:\/\/titeroute.org\/Moto\/2011\/04-boldor\/DSC00473.jpg\" rel=\"lightbox[balade]\"><img decoding=\"async\" alt=\"Rejoindre la moto\" src=\"http:\/\/titeroute.org\/Moto\/2011\/04-boldor\/TN_DSC00473.jpg\" \/><br \/>\nRejoindre la moto<\/a><\/td>\n<td align=\"center\" valign=\"middle\"><a href=\"http:\/\/titeroute.org\/Moto\/2011\/04-boldor\/DSC00483.jpg\" rel=\"lightbox[balade]\"><img decoding=\"async\" alt=\"En route\" src=\"http:\/\/titeroute.org\/Moto\/2011\/04-boldor\/TN_DSC00483.jpg\" \/><br \/>\nEn route<\/a><\/td>\n<\/tr>\n<\/tbody>\n<\/table>\n<p>Et c&rsquo;est donc parti pour 24 h \u00e0 tourner, tourner, tourner. La vie des stands est rythm\u00e9e par les ravitaillements, les changements de pilote.<\/p>\n<table border=\"0\" align=\"center\">\n<tbody>\n<tr>\n<td align=\"center\" valign=\"middle\"><a href=\"http:\/\/titeroute.org\/Moto\/2011\/04-boldor\/_DSC2365-2.jpg\" rel=\"lightbox[balade]\"><img decoding=\"async\" alt=\"Les panneauteuses du team 63\" src=\"http:\/\/titeroute.org\/Moto\/2011\/04-boldor\/TN__DSC2365-2.jpg\" \/><br \/>\nLes panneateuses du team 63<\/a><\/td>\n<td align=\"center\" valign=\"middle\"><a href=\"http:\/\/titeroute.org\/Moto\/2011\/04-boldor\/_DSC2372.jpg\" rel=\"lightbox[balade]\"><img decoding=\"async\" alt=\"Essence\" src=\"http:\/\/titeroute.org\/Moto\/2011\/04-boldor\/TN__DSC2372.jpg\" \/><br \/>\nEssence<\/a><\/td>\n<\/tr>\n<\/tbody>\n<\/table>\n<p>Et sur la piste, les pilotes encha\u00eenent les tours.<\/p>\n<table border=\"0\" align=\"center\">\n<tbody>\n<tr>\n<td align=\"center\" valign=\"middle\"><a href=\"http:\/\/titeroute.org\/Moto\/2011\/04-boldor\/_DSC2406-2.jpg\" rel=\"lightbox[balade]\"><img decoding=\"async\" alt=\"Ludovic Mau (team 63) au ch\u00e2teau d'eau\" src=\"http:\/\/titeroute.org\/Moto\/2011\/04-boldor\/TN__DSC2406-2.jpg\" \/><br \/>\nLudovic Mau au ch\u00e2teau d&rsquo;eau<\/a><\/td>\n<td align=\"center\" valign=\"middle\"><a href=\"http:\/\/titeroute.org\/Moto\/2011\/04-boldor\/_DSC2447-2.jpg\" rel=\"lightbox[balade]\"><img decoding=\"async\" alt=\"Devant, Jean-Louis Devoyon\" src=\"http:\/\/titeroute.org\/Moto\/2011\/04-boldor\/TN__DSC2447-2.jpg\" \/><br \/>\nDevant, Jean-Louis Devoyon<\/a><\/td>\n<\/tr>\n<\/tbody>\n<\/table>\n<p>En sortie d&rsquo;Ad\u00e9la\u00efde, \u00e7a met gros gros gaz pour la ligne droite avant la chicane du Nurburgring. Et l\u00e0, il y en a plein qui part la roue avant en l&rsquo;air. Super sympa \u00e0 voir. Quasi-impossible \u00e0 prendre en photo, \u00e7a va trop vite.<\/p>\n<table border=\"0\" align=\"center\">\n<tbody>\n<tr>\n<td align=\"center\" valign=\"middle\"><a href=\"http:\/\/titeroute.org\/Moto\/2011\/04-boldor\/_DSC2545-2.jpg\" rel=\"lightbox[balade]\"><img decoding=\"async\" alt=\"Wheeling\" src=\"http:\/\/titeroute.org\/Moto\/2011\/04-boldor\/TN__DSC2545-2.jpg\" \/><br \/>\nWheeling<\/a><\/td>\n<\/tr>\n<\/tbody>\n<\/table>\n<p>Etre \u00e0 l&rsquo;int\u00e9rieur du 180 dans la lumi\u00e8re du soir est un vrai bonheur photographique.<\/p>\n<table border=\"0\" align=\"center\">\n<tbody>\n<tr>\n<td align=\"center\" valign=\"middle\"><a href=\"http:\/\/titeroute.org\/Moto\/2011\/04-boldor\/_DSC2606.jpg\" rel=\"lightbox[balade]\"><img decoding=\"async\" alt=\"Vincent Philippe, pas l\u00e0 pour rigoler\" src=\"http:\/\/titeroute.org\/Moto\/2011\/04-boldor\/TN__DSC2606.jpg\" \/><br \/>\nVincent Philippe, pas l\u00e0 pour rigoler<\/a><\/td>\n<\/tr>\n<\/tbody>\n<\/table>\n<p>Et l&rsquo;apr\u00e8s-midi passe au fil des tours.<\/p>\n<table border=\"0\" align=\"center\">\n<tbody>\n<tr>\n<td align=\"center\" valign=\"middle\"><a href=\"http:\/\/titeroute.org\/Moto\/2011\/04-boldor\/_DSC2451-2.jpg\" rel=\"lightbox[balade]\"><img decoding=\"async\" alt=\"Depuis le bac \u00e0 gravier\" src=\"http:\/\/titeroute.org\/Moto\/2011\/04-boldor\/TN__DSC2451-2.jpg\" \/><br \/>\nDepuis le bac \u00e0 gravier<\/a><\/td>\n<\/tr>\n<\/tbody>\n<\/table>\n<p>Le soleil se couche tandis que la lune se l\u00e8ve au-dessus des gradins, au milieu des nuages de fum\u00e9e qui monte des feux et des pneus br\u00fbl\u00e9s au camping.<\/p>\n<table border=\"0\" align=\"center\">\n<tbody>\n<tr>\n<td align=\"center\" valign=\"middle\"><a href=\"http:\/\/titeroute.org\/Moto\/2011\/04-boldor\/_DSC2723.jpg\" rel=\"lightbox[balade]\"><img decoding=\"async\" alt=\"Parsem\u00e9s sur les gradins\" src=\"http:\/\/titeroute.org\/Moto\/2011\/04-boldor\/TN__DSC2723.jpg\" \/><br \/>\nParsem\u00e9s sur les gradins<\/a><\/td>\n<td align=\"center\" valign=\"middle\"><a href=\"http:\/\/titeroute.org\/Moto\/2011\/04-boldor\/_DSC2724-2.jpg\" rel=\"lightbox[balade]\"><img decoding=\"async\" alt=\"Derri\u00e8re les grillages\" src=\"http:\/\/titeroute.org\/Moto\/2011\/04-boldor\/TN__DSC2724-2.jpg\" \/><br \/>\nDerri\u00e8res les grillages<\/a><\/td>\n<td align=\"center\" valign=\"middle\"><a href=\"http:\/\/titeroute.org\/Moto\/2011\/04-boldor\/_DSC2729-2.jpg\" rel=\"lightbox[balade]\"><img decoding=\"async\" alt=\"Le virage du lyc\u00e9e sous la lune\" src=\"http:\/\/titeroute.org\/Moto\/2011\/04-boldor\/TN__DSC2729-2.jpg\" \/><br \/>\nLe virage du lyc\u00e9e sous la lune<\/a><\/td>\n<\/tr>\n<\/tbody>\n<\/table>\n","protected":false},"excerpt":{"rendered":"<p>Samedi 16 avril Ca y est, c&rsquo;est le grand jour, celui de la course. D\u00e9part programm\u00e9 pour 15 h. Le matin est consacr\u00e9 aux derni\u00e8res &hellip; <\/p>\n","protected":false},"author":1,"featured_media":1747,"comment_status":"closed","ping_status":"closed","sticky":false,"template":"","format":"standard","meta":{"footnotes":""},"categories":[5],"tags":[],"class_list":["post-1150","post","type-post","status-publish","format-standard","has-post-thumbnail","hentry","category-01_moto","has-meta"],"_links":{"self":[{"href":"http:\/\/titeroute.org\/index.php?rest_route=\/wp\/v2\/posts\/1150","targetHints":{"allow":["GET"]}}],"collection":[{"href":"http:\/\/titeroute.org\/index.php?rest_route=\/wp\/v2\/posts"}],"about":[{"href":"http:\/\/titeroute.org\/index.php?rest_route=\/wp\/v2\/types\/post"}],"author":[{"embeddable":true,"href":"http:\/\/titeroute.org\/index.php?rest_route=\/wp\/v2\/users\/1"}],"replies":[{"embeddable":true,"href":"http:\/\/titeroute.org\/index.php?rest_route=%2Fwp%2Fv2%2Fcomments&post=1150"}],"version-history":[{"count":6,"href":"http:\/\/titeroute.org\/index.php?rest_route=\/wp\/v2\/posts\/1150\/revisions"}],"predecessor-version":[{"id":1748,"href":"http:\/\/titeroute.org\/index.php?rest_route=\/wp\/v2\/posts\/1150\/revisions\/1748"}],"wp:featuredmedia":[{"embeddable":true,"href":"http:\/\/titeroute.org\/index.php?rest_route=\/wp\/v2\/media\/1747"}],"wp:attachment":[{"href":"http:\/\/titeroute.org\/index.php?rest_route=%2Fwp%2Fv2%2Fmedia&parent=1150"}],"wp:term":[{"taxonomy":"category","embeddable":true,"href":"http:\/\/titeroute.org\/index.php?rest_route=%2Fwp%2Fv2%2Fcategories&post=1150"},{"taxonomy":"post_tag","embeddable":true,"href":"http:\/\/titeroute.org\/index.php?rest_route=%2Fwp%2Fv2%2Ftags&post=1150"}],"curies":[{"name":"wp","href":"https:\/\/api.w.org\/{rel}","templated":true}]}}