{"id":1182,"date":"2011-07-26T12:37:11","date_gmt":"2011-07-26T10:37:11","guid":{"rendered":"http:\/\/titeroute.org\/?p=1182"},"modified":"2011-08-03T23:44:23","modified_gmt":"2011-08-03T21:44:23","slug":"au-fil-des-jours-juillet","status":"publish","type":"post","link":"http:\/\/titeroute.org\/?p=1182","title":{"rendered":"Au fil des jours &#8211; Juillet 2011"},"content":{"rendered":"<p><strong>Mardi 26 juillet<\/strong><br \/>\nLe mois de juillet a \u00e9t\u00e9 charg\u00e9.<br \/>\nQuelques jours au Nid, \u00e0 profiter du temps qui passe&#8230;<\/p>\n<table border=\"0\" align=\"center\">\n<tbody>\n<tr>\n<td align=\"center\" valign=\"middle\"><a rel=\"lightbox[balade]\" href=\"http:\/\/titeroute.org\/Photos\/2011\/07_Mois\/DSC04805.jpg\"><img decoding=\"async\" src=\"http:\/\/titeroute.org\/Photos\/2011\/07_Mois\/TN_DSC04805.jpg\" alt=\"Irma Jane P\u00e9pette\" \/><br \/>\nIrma Jane P\u00e9pette<\/a><\/td>\n<td align=\"center\" valign=\"middle\"><a rel=\"lightbox[balade]\" href=\"http:\/\/titeroute.org\/Photos\/2011\/07_Mois\/DSC04816.jpg\"><img decoding=\"async\" src=\"http:\/\/titeroute.org\/Photos\/2011\/07_Mois\/TN_DSC04816.jpg\" alt=\"Regard\" \/><br \/>\nRegard<\/a><\/td>\n<td align=\"center\" valign=\"middle\"><a rel=\"lightbox[balade]\" href=\"http:\/\/titeroute.org\/Photos\/2011\/07_Mois\/DSC04875.jpg\"><img decoding=\"async\" src=\"http:\/\/titeroute.org\/Photos\/2011\/07_Mois\/TN_DSC04875.jpg\" alt=\"N\u00e9nuphar\" \/><br \/>\nN\u00e9nuphar<\/a><\/td>\n<\/tr>\n<\/tbody>\n<\/table>\n<table border=\"0\" align=\"center\">\n<tbody>\n<tr>\n<td align=\"center\" valign=\"middle\"><a rel=\"lightbox[balade]\" href=\"http:\/\/titeroute.org\/Photos\/2011\/07_Mois\/DSC04662.jpg\"><img decoding=\"async\" src=\"http:\/\/titeroute.org\/Photos\/2011\/07_Mois\/TN_DSC04662.jpg\" alt=\"Accord\u00e9oniste au petit d\u00e9j\" \/><br \/>\nAccord\u00e9oniste au petit d\u00e9j<\/a><\/td>\n<td align=\"center\" valign=\"middle\"><a rel=\"lightbox[balade]\" href=\"http:\/\/titeroute.org\/Photos\/2011\/07_Mois\/DSC04708.jpg\"><img decoding=\"async\" src=\"http:\/\/titeroute.org\/Photos\/2011\/07_Mois\/TN_DSC04708.jpg\" alt=\"Mer\" \/><br \/>\nMer<\/a><\/td>\n<\/tr>\n<\/tbody>\n<\/table>\n<p>Petit passage par les montagnes ennuag\u00e9es<\/p>\n<table border=\"0\" align=\"center\">\n<tbody>\n<tr>\n<td align=\"center\" valign=\"middle\"><a rel=\"lightbox[balade]\" href=\"http:\/\/titeroute.org\/Photos\/2011\/07_Mois\/DSC04738.jpg\"><img decoding=\"async\" src=\"http:\/\/titeroute.org\/Photos\/2011\/07_Mois\/TN_DSC04738.jpg\" alt=\"Au soleil couchant\" \/><br \/>\nAu soleil couchant<\/a><\/td>\n<td align=\"center\" valign=\"middle\"><a rel=\"lightbox[balade]\" href=\"http:\/\/titeroute.org\/Photos\/2011\/07_Mois\/DSC04756.jpg\"><img decoding=\"async\" src=\"http:\/\/titeroute.org\/Photos\/2011\/07_Mois\/TN_DSC04756.jpg\" alt=\"Au milieu des nuages\" \/><br \/>\nAu milieu des nuages<\/a><\/td>\n<td align=\"center\" valign=\"middle\"><a rel=\"lightbox[balade]\" href=\"http:\/\/titeroute.org\/Photos\/2011\/07_Mois\/DSC04758.jpg\"><img decoding=\"async\" src=\"http:\/\/titeroute.org\/Photos\/2011\/07_Mois\/TN_DSC04758.jpg\" alt=\"Entour\u00e9e\" \/><br \/>\nEntour\u00e9e<\/a><\/td>\n<\/tr>\n<\/tbody>\n<\/table>\n<table border=\"0\" align=\"center\">\n<tbody><\/tbody>\n<\/table>\n<p>Et une balade pas loin de chez moi.<\/p>\n<table border=\"0\" align=\"center\">\n<tbody>\n<tr>\n<td align=\"center\" valign=\"middle\"><a rel=\"lightbox[balade]\" href=\"http:\/\/titeroute.org\/Photos\/2011\/07_Mois\/DSC04582.jpg\"><img decoding=\"async\" src=\"http:\/\/titeroute.org\/Photos\/2011\/07_Mois\/TN_DSC04582.jpg\" alt=\"Tous les escaliers m\u00e8nent \u00e0 Nonette\" \/><br \/>\nTous les escaliers m\u00e8nent \u00e0 Nonette<\/a><\/td>\n<td align=\"center\" valign=\"middle\"><a rel=\"lightbox[balade]\" href=\"http:\/\/titeroute.org\/Photos\/2011\/07_Mois\/DSC04586.jpg\"><img decoding=\"async\" src=\"http:\/\/titeroute.org\/Photos\/2011\/07_Mois\/TN_DSC04586.jpg\" alt=\"Le Broc\" \/><br \/>\nLe Broc<\/a><\/td>\n<\/tr>\n<\/tbody>\n<\/table>\n<table border=\"0\" align=\"center\">\n<tbody><\/tbody>\n<\/table>\n","protected":false},"excerpt":{"rendered":"<p>Mardi 26 juillet Le mois de juillet a \u00e9t\u00e9 charg\u00e9. Quelques jours au Nid, \u00e0 profiter du temps qui passe&#8230; Irma Jane P\u00e9pette Regard N\u00e9nuphar &hellip; <\/p>\n","protected":false},"author":1,"featured_media":0,"comment_status":"closed","ping_status":"closed","sticky":false,"template":"","format":"standard","meta":{"footnotes":""},"categories":[6],"tags":[],"class_list":["post-1182","post","type-post","status-publish","format-standard","hentry","category-02_photos","has-meta"],"_links":{"self":[{"href":"http:\/\/titeroute.org\/index.php?rest_route=\/wp\/v2\/posts\/1182","targetHints":{"allow":["GET"]}}],"collection":[{"href":"http:\/\/titeroute.org\/index.php?rest_route=\/wp\/v2\/posts"}],"about":[{"href":"http:\/\/titeroute.org\/index.php?rest_route=\/wp\/v2\/types\/post"}],"author":[{"embeddable":true,"href":"http:\/\/titeroute.org\/index.php?rest_route=\/wp\/v2\/users\/1"}],"replies":[{"embeddable":true,"href":"http:\/\/titeroute.org\/index.php?rest_route=%2Fwp%2Fv2%2Fcomments&post=1182"}],"version-history":[{"count":4,"href":"http:\/\/titeroute.org\/index.php?rest_route=\/wp\/v2\/posts\/1182\/revisions"}],"predecessor-version":[{"id":1193,"href":"http:\/\/titeroute.org\/index.php?rest_route=\/wp\/v2\/posts\/1182\/revisions\/1193"}],"wp:attachment":[{"href":"http:\/\/titeroute.org\/index.php?rest_route=%2Fwp%2Fv2%2Fmedia&parent=1182"}],"wp:term":[{"taxonomy":"category","embeddable":true,"href":"http:\/\/titeroute.org\/index.php?rest_route=%2Fwp%2Fv2%2Fcategories&post=1182"},{"taxonomy":"post_tag","embeddable":true,"href":"http:\/\/titeroute.org\/index.php?rest_route=%2Fwp%2Fv2%2Ftags&post=1182"}],"curies":[{"name":"wp","href":"https:\/\/api.w.org\/{rel}","templated":true}]}}