{"id":1204,"date":"2011-08-19T14:23:01","date_gmt":"2011-08-19T12:23:01","guid":{"rendered":"http:\/\/titeroute.org\/?p=1204"},"modified":"2013-06-14T00:49:43","modified_gmt":"2013-06-13T22:49:43","slug":"premiers-tours-de-roue-a-ledenon","status":"publish","type":"post","link":"http:\/\/titeroute.org\/?p=1204","title":{"rendered":"Premiers tours de roue \u00e0 L\u00e9denon"},"content":{"rendered":"<p>L&rsquo;ann\u00e9e derni\u00e8re, j&rsquo;ai gagn\u00e9 gr\u00e2ce \u00e0 un concours photo de Moto-Station un stage de pilotage (oui monsieur) \u00e0 L\u00e9denon. Il m&rsquo;a fallu une ann\u00e9e pour trouver une date qui collait entre mon emploi du temps et le calendrier de <a href=\"http:\/\/www.4gmoto.fr\/\">4G<\/a>, et je suis finalement all\u00e9e rouler le 19 juillet.<\/p>\n<p>Le destrier choisi pour cette \u00e9pop\u00e9e : le P\u00e9gaso \u00e9tant (encore) en panne, c&rsquo;est la SV, bient\u00f4t 10 ans et quelque 150 000 km (et deux moteurs), qui s&rsquo;y est coll\u00e9e. Ca allait lui faire bizarre, \u00e0 moi aussi d&rsquo;ailleurs, vu qu&rsquo;on est plut\u00f4t habitu\u00e9es toutes les deux \u00e0 parcourir des routes petites, toutes petites, limite des chemins.<\/p>\n<p>JLM, alias Jolitho, s&rsquo;est occup\u00e9 de la pr\u00e9paration de ma moto pour cette journ\u00e9e. Il voulait tout d\u00e9monter, je lui ai demand\u00e9 de quand m\u00eame laisser les roues, le moteur, la selle et le guidon !<\/p>\n<p>Arrive le 19 juillet&#8230; La journ\u00e9e en quelques points :<\/p>\n<ul>\n<li>Le matin, on commence par un spectacle son et lumi\u00e8re, avec un orage d&rsquo;un fort beau gabarit. Et on continue par thalassoth\u00e9rapie, avec un m\u00e8tre d&rsquo;eau dans la cuvette (pas celle de la salle de bain, celle de la piste) et 3 cm dans les stands. On a eu un cours th\u00e9orique de conduite sur le circuit les tongs dans l&rsquo;eau ;<\/li>\n<li>Reprise du spectacle son avec Marc Garcia en d\u00e9monstration d&rsquo;un bon et d&rsquo;un mauvais passage en courbe. Une moto qui passe mal, c&rsquo;est \u00ab\u00a0vraommmmmmmm, vraommmmmmmmmmmm, vraommmmmmmmmmmmmm\u00a0\u00bb. Une moto qui passe bien, c&rsquo;est \u00ab\u00a0vraoooooooooooommmmmmmmmmmmmmoooooooommmmmmmmmmmmmoooooooooooooooommmmmmm\u00a0\u00bb. M&rsquo;enfin, c&rsquo;est plus parlant quand c&rsquo;est Marc qui le fait ;<\/li>\n<li>Les formateurs (Marc Garcia, Boris Chambon, Serge Nuques, rien que \u00e7a), c&rsquo;\u00e9tait de la confiture \u00e0 une cochonne tellement ils \u00e9taient bien et tellement je me suis montr\u00e9e lente sur la piste ;<\/li>\n<li>Nous faisons en fin de matin\u00e9e, juste avant d&rsquo;aller manger, un p&rsquo;tit tour \u00e0 pied pour aller voir la t\u00eate des virages qu&rsquo;on a vu sur le papier ce matin (oui, il y en a un qui va dans le mauvais sens) ;<\/li>\n<\/ul>\n<p><img decoding=\"async\" alt=\"\" src=\"http:\/\/titeroute.org\/Moto\/2011\/07-Ledenon\/DSC04769.jpg\" \/><\/p>\n<ul>\n<li>Serge et Boris ont fait quelques tests d&rsquo;adh\u00e9rence du bitume. Je ne sais pas si c&rsquo;\u00e9tait vraiment rassurant de les voir glisser sur leurs baskets&#8230;<\/li>\n<\/ul>\n<p><img decoding=\"async\" alt=\"\" src=\"http:\/\/titeroute.org\/Moto\/2011\/07-Ledenon\/DSC04770.jpg\" \/><\/p>\n<ul>\n<li>Petit tour dans la cuvette qui n&rsquo;est pas encore s\u00e8che. Il y a m\u00eame un peu de terre : chic, je vais \u00eatre en terrain connu. En fait, non, entre midi et deux, la piste aura le temps de s\u00e9cher et les \u00e9quipes du circuit auront tout nettoy\u00e9 ;<\/li>\n<\/ul>\n<p><img decoding=\"async\" alt=\"\" src=\"http:\/\/titeroute.org\/Moto\/2011\/07-Ledenon\/DSC04771.jpg\" \/><\/p>\n<ul>\n<li>Une fois repus, on se pr\u00e9pare ;<\/li>\n<\/ul>\n<p><img decoding=\"async\" alt=\"\" src=\"http:\/\/titeroute.org\/Moto\/2011\/07-Ledenon\/DSC04775.jpg\" \/><\/p>\n<ul>\n<li>Et gazzzzzzzzzzzzzz. Je suis partie hyper crisp\u00e9e et je n&rsquo;ai pas du tout r\u00e9ussi \u00e0 d\u00e9passer ma trouille. Parait que c&rsquo;est normal, n&#8217;emp\u00eache que j&rsquo;ai eu PEUR toute l&rsquo;apr\u00e8s-midi.<\/li>\n<\/ul>\n<p><img decoding=\"async\" alt=\"\" src=\"http:\/\/titeroute.org\/Moto\/2011\/07-Ledenon\/DSC04776.jpg\" \/><\/p>\n<ul>\n<li>Je sais m\u00eame pas \u00e0 quelle vitesse j&rsquo;\u00e9tais, je m&rsquo;occupais de freiner, acc\u00e9l\u00e9rer, essayer de pencher, apprendre \u00e0 d\u00e9hancher. Alors passer les vitesses \u00e9tait le cadet de mes soucis ;<\/li>\n<li>L\u00e9denon, c&rsquo;est facile : du c\u00f4ne vert au c\u00f4ne orange, tu acc\u00e9l\u00e8res. Au c\u00f4ne orange, tu l\u00e2ches les gaz, tu freines (enfin normalement, parce que moi, parait qu&rsquo;il faut pas que je freine justement&#8230;)), tu penches et tu r\u00e9acc\u00e9l\u00e8res au c\u00f4ne vert. Et si on enl\u00e8ve les c\u00f4nes ? Euh, ben non, faut pas enlever les c\u00f4nes !!<\/li>\n<li>Il parait que j&rsquo;ai un bel enroul\u00e9. M\u00eame sur circuit, si si !<\/li>\n<li>Ca doit pas \u00eatre tous les jours qu&rsquo;une b\u00e9cane qui affiche 146 000 km au compteur tourne \u00e0 Ledenon ;<\/li>\n<\/ul>\n<p><img decoding=\"async\" alt=\"\" src=\"http:\/\/titeroute.org\/Moto\/2011\/07-Ledenon\/DSC04790.jpg\" \/><\/p>\n<ul>\n<li>Une demi-journ\u00e9e, c&rsquo;est vraiment trop court et une journ\u00e9e, \u00e7a doit commencer tout juste \u00e0 \u00eatre bien (je ne suis pas que lente sur la route, je suis aussi lente \u00e0 apprendre).<\/li>\n<\/ul>\n<p>Un gros plus pour les formateurs, qui mettent l&rsquo;accent sur les sensations qu&rsquo;on doit ressentir, sur la compr\u00e9hension de la b\u00e9cane et qui donnent aussi des conseils \u00e0 appliquer sur route.<\/p>\n<p>Je suis repartie d\u00e9\u00e7ue par la m\u00e9t\u00e9o et mes \u00ab\u00a0performances\u00a0\u00bb, ravie des conseils que j&rsquo;ai eus. Me reste plus qu&rsquo;\u00e0 appliquer tout \u00e7a !<\/p>\n<p>Encore merci \u00e0 Moto Station et \u00e0 4G pour ce stage. Apr\u00e8s 10 ans de moto, \u00e7a ne fait pas de mal.<br \/>\nMerci aussi \u00e0 JLM pour la pr\u00e9paration de la moto et \u00e0 Marc et Fabienne pour l&rsquo;h\u00e9bergement pr\u00e8s de L\u00e9denon.<\/p>\n","protected":false},"excerpt":{"rendered":"<p>L&rsquo;ann\u00e9e derni\u00e8re, j&rsquo;ai gagn\u00e9 gr\u00e2ce \u00e0 un concours photo de Moto-Station un stage de pilotage (oui monsieur) \u00e0 L\u00e9denon. Il m&rsquo;a fallu une ann\u00e9e pour &hellip; <\/p>\n","protected":false},"author":1,"featured_media":1758,"comment_status":"closed","ping_status":"closed","sticky":false,"template":"","format":"standard","meta":{"footnotes":""},"categories":[5],"tags":[],"class_list":["post-1204","post","type-post","status-publish","format-standard","has-post-thumbnail","hentry","category-01_moto","has-meta"],"_links":{"self":[{"href":"http:\/\/titeroute.org\/index.php?rest_route=\/wp\/v2\/posts\/1204","targetHints":{"allow":["GET"]}}],"collection":[{"href":"http:\/\/titeroute.org\/index.php?rest_route=\/wp\/v2\/posts"}],"about":[{"href":"http:\/\/titeroute.org\/index.php?rest_route=\/wp\/v2\/types\/post"}],"author":[{"embeddable":true,"href":"http:\/\/titeroute.org\/index.php?rest_route=\/wp\/v2\/users\/1"}],"replies":[{"embeddable":true,"href":"http:\/\/titeroute.org\/index.php?rest_route=%2Fwp%2Fv2%2Fcomments&post=1204"}],"version-history":[{"count":7,"href":"http:\/\/titeroute.org\/index.php?rest_route=\/wp\/v2\/posts\/1204\/revisions"}],"predecessor-version":[{"id":1206,"href":"http:\/\/titeroute.org\/index.php?rest_route=\/wp\/v2\/posts\/1204\/revisions\/1206"}],"wp:featuredmedia":[{"embeddable":true,"href":"http:\/\/titeroute.org\/index.php?rest_route=\/wp\/v2\/media\/1758"}],"wp:attachment":[{"href":"http:\/\/titeroute.org\/index.php?rest_route=%2Fwp%2Fv2%2Fmedia&parent=1204"}],"wp:term":[{"taxonomy":"category","embeddable":true,"href":"http:\/\/titeroute.org\/index.php?rest_route=%2Fwp%2Fv2%2Fcategories&post=1204"},{"taxonomy":"post_tag","embeddable":true,"href":"http:\/\/titeroute.org\/index.php?rest_route=%2Fwp%2Fv2%2Ftags&post=1204"}],"curies":[{"name":"wp","href":"https:\/\/api.w.org\/{rel}","templated":true}]}}