{"id":1523,"date":"2013-06-12T10:20:13","date_gmt":"2013-06-12T08:20:13","guid":{"rendered":"http:\/\/titeroute.org\/?p=1523"},"modified":"2013-06-12T10:44:11","modified_gmt":"2013-06-12T08:44:11","slug":"au-fil-des-saisons-printemps-2013","status":"publish","type":"post","link":"http:\/\/titeroute.org\/?p=1523","title":{"rendered":"Au fil des saisons &#8211; printemps 2013"},"content":{"rendered":"<p><strong>Jeudi 12 juin<\/strong><br \/>\nAlors que le printemps se termine et que l&rsquo;\u00e9t\u00e9 va pointer le bout de son nez, par une journ\u00e9e de juin, j&rsquo;ai travers\u00e9 les C\u00e9vennes&#8230;<\/p>\n<table border=\"0\" align=\"center\">\n<tbody>\n<tr>\n<td align=\"center\" valign=\"middle\"><a href=\"https:\/\/lh6.googleusercontent.com\/-kaRaadPeFh8\/Ubg0S3EnH-I\/AAAAAAAALdM\/iOevZoFuUvE\/w900-h599-no\/A57-06184.jpg\" rel=\"lightbox[balade]\"><img decoding=\"async\" alt=\"Sur la corniche\" src=\"https:\/\/lh6.googleusercontent.com\/-kaRaadPeFh8\/Ubg0S3EnH-I\/AAAAAAAALdM\/iOevZoFuUvE\/s240\/A57-06184.jpg\" \/><br \/>\nSur la corniche<\/a><\/td>\n<\/tr>\n<\/tbody>\n<\/table>\n<p><strong>Vendredi 31 mai<\/strong><br \/>\nUn peu de flou<\/p>\n<table border=\"0\" align=\"center\">\n<tbody>\n<tr>\n<td align=\"center\" valign=\"middle\"><a href=\"https:\/\/lh5.googleusercontent.com\/-UHyVRVE9MCE\/UaZp3tjB8sI\/AAAAAAAALW4\/fEC9KShi6TM\/w900-h599-no\/A57-03165.jpg\" rel=\"lightbox[balade]\"><img decoding=\"async\" alt=\"Gramin\u00e9es\" src=\"https:\/\/lh5.googleusercontent.com\/-UHyVRVE9MCE\/UaZp3tjB8sI\/AAAAAAAALW4\/fEC9KShi6TM\/s240\/A57-03165.jpg\" \/><br \/>\nGramin\u00e9es<\/a><\/td>\n<\/tr>\n<\/tbody>\n<\/table>\n<p><strong>Jeudi 30 mai<\/strong><br \/>\nEntre deux nuages, un rayon de soleil<\/p>\n<table border=\"0\" align=\"center\">\n<tbody>\n<tr>\n<td align=\"center\" valign=\"middle\"><a href=\"https:\/\/lh3.googleusercontent.com\/-F4Q5IP_sJRc\/UaZp3pm3znI\/AAAAAAAALW0\/LkYl8eCFz9o\/w900-h599-no\/A57-03164.jpg\" rel=\"lightbox[balade]\"><img decoding=\"async\" alt=\"Coquelicot\" src=\"https:\/\/lh3.googleusercontent.com\/-F4Q5IP_sJRc\/UaZp3pm3znI\/AAAAAAAALW0\/LkYl8eCFz9o\/s240\/A57-03164.jpg\" \/><br \/>\nCoquelicot<\/a><\/td>\n<\/tr>\n<\/tbody>\n<\/table>\n<p><strong>Jeudi 23 mai<\/strong><br \/>\nEntre deux d\u00e9luges, hier, la route a eu le temps de s\u00e9cher et \u00e0 l\u2019heure o\u00f9 tout le monde se cale devant son assiette et la t\u00e9l\u00e9, je suis partie \u00e0 la conqu\u00eate du C\u00e9zallier.<br \/>\nMa monture : le Pegaso, qui m\u2019a fait l\u2019honneur ce soir-l\u00e0 de bien vouloir d\u00e9marrer et de ne pas faire trop de caprices : il n\u2019a cal\u00e9 qu\u2019une fois, au feu rouge en ville, au tout d\u00e9but. Un petit r\u00e9glage d\u2019amortisseur, dont je me suis subitement rappel\u00e9 l\u2019existence, a supprim\u00e9 ses mouvements ondulatoires digne d\u2019un chameau qui donnaient la naus\u00e9e. La tenue de route en est bizarrement am\u00e9lior\u00e9e\u2026 Prochaine \u00e9tape, trouver pourquoi il tire \u00e0 droite quand je freine, mais chaque chose en son temps.<br \/>\nDu coup, j\u2019ai fait un petit tour fort sympathique, une boucle entre Lembronnais et C\u00e9zallier, au gr\u00e9 du vent et des carrefours. J&rsquo;ai h\u00e9sit\u00e9 \u00e0 suivre quelques chemins mais les pluies r\u00e9centes et mes pneus lisses m&rsquo;ont fait rester sage. J\u2019ai crois\u00e9 des vaches avec leurs belles cornes et encore leur pelage d\u2019hiver, un renard aussi surpris que moi qui a d\u00e9tal\u00e9 dans une prairie, quelques lapins qui ont zigzagu\u00e9 devant ma roue jusqu&rsquo;\u00e0 comprendre qu&rsquo;il valait mieux d\u00e9taler sur le c\u00f4t\u00e9. Les routes \u00e9taient viroleuses et gravillonn\u00e9es comme je les aime, les rivi\u00e8res pleines \u00e0 d\u00e9border, la nature est vert fluo des jeunes pousses gorg\u00e9es d\u2019eau qui n\u2019ont pas encore assez vu le soleil. Je suis rentr\u00e9e au moment o\u00f9 les films \u00e0 la t\u00e9l\u00e9 se terminaient. C\u2019\u00e9tait une belle soir\u00e9e.<\/p>\n<table border=\"0\" align=\"center\">\n<tbody>\n<tr>\n<td align=\"center\" valign=\"middle\"><a href=\"https:\/\/lh3.googleusercontent.com\/-e8lpG0d6q0Q\/UZ3NRORwoxI\/AAAAAAAALVI\/Lw9Adu9DbJA\/w900-h599-no\/A57-03159-2.jpg\" rel=\"lightbox[balade]\"><img decoding=\"async\" alt=\"Mon Peg\" src=\"https:\/\/lh3.googleusercontent.com\/-e8lpG0d6q0Q\/UZ3NRORwoxI\/AAAAAAAALVI\/Lw9Adu9DbJA\/s240\/A57-03159-2.jpg\" \/><br \/>\nMon Peg<\/a><\/td>\n<\/tr>\n<\/tbody>\n<\/table>\n<p><strong>Mardi 14 mai<\/strong><br \/>\nC&rsquo;est le printemps (entre deux giboul\u00e9es de neige) et la motarde est de sortie<\/p>\n<table border=\"0\" align=\"center\">\n<tbody>\n<tr>\n<td align=\"center\" valign=\"middle\"><a href=\"https:\/\/lh4.googleusercontent.com\/-XN1l9RJRVXA\/UYTlCYjNeWI\/AAAAAAAALMU\/nNZu0K0XWhU\/w900-h599-no\/NEX-05896.jpg\" rel=\"lightbox[balade]\"><img decoding=\"async\" alt=\"Un peu de boue\" src=\"https:\/\/lh4.googleusercontent.com\/-XN1l9RJRVXA\/UYTlCYjNeWI\/AAAAAAAALMU\/nNZu0K0XWhU\/s240\/NEX-05896.jpg\" \/><br \/>\nUn peu de boue<\/a><\/td>\n<td align=\"center\" valign=\"middle\"><a href=\"https:\/\/lh6.googleusercontent.com\/-NbUJp64DT3Y\/UYVyFu8TadI\/AAAAAAAALMo\/S1vB5S11_n4\/w900-h599-no\/NEX-05903.jpg\" rel=\"lightbox[balade]\"><img decoding=\"async\" alt=\"Coup d'oeil dans le r\u00e9tro\" src=\"https:\/\/lh6.googleusercontent.com\/-NbUJp64DT3Y\/UYVyFu8TadI\/AAAAAAAALMo\/S1vB5S11_n4\/s240\/NEX-05903.jpg\" \/><br \/>\nCoup d&rsquo;oeil dans le r\u00e9tro<\/a><\/td>\n<td align=\"center\" valign=\"middle\"><a href=\"https:\/\/lh5.googleusercontent.com\/-Ld5yq1KWR5A\/UYbR0hU316I\/AAAAAAAALOQ\/oXPslWC0pjw\/w900-h599-no\/NEX-05912.jpg\" rel=\"lightbox[balade]\"><img decoding=\"async\" alt=\"Le C\u00e9zallier en fond d'\u00e9cran\" src=\"https:\/\/lh5.googleusercontent.com\/-Ld5yq1KWR5A\/UYbR0hU316I\/AAAAAAAALOQ\/oXPslWC0pjw\/s240\/NEX-05912.jpg\" \/><br \/>\nLe C\u00e9zallier en fond d&rsquo;\u00e9cran<\/a><\/td>\n<\/tr>\n<\/tbody>\n<\/table>\n<p><strong>Mardi 7 mai<\/strong><br \/>\nPromosport 2013, L\u00e9denon 1<\/p>\n<table border=\"0\" align=\"center\">\n<tbody>\n<tr>\n<td align=\"center\" valign=\"middle\"><a href=\"https:\/\/lh5.googleusercontent.com\/-BMVWizIB-8E\/UYj7i6L8GxI\/AAAAAAAALOo\/cTZ5YEg8FOM\/w900-h599-no\/A57-01429-4.jpg\" rel=\"lightbox[balade]\"><img decoding=\"async\" alt=\"T\u00eate de course\" src=\"https:\/\/lh5.googleusercontent.com\/-BMVWizIB-8E\/UYj7i6L8GxI\/AAAAAAAALOo\/cTZ5YEg8FOM\/s240\/A57-01429-4.jpg\" \/><br \/>\nT\u00eate de course<\/a><\/td>\n<\/tr>\n<\/tbody>\n<\/table>\n<p><strong>Samedi 4 mai<\/strong><br \/>\nCe mois de mai, Ficelle f\u00eate ses dix ans.<\/p>\n<table border=\"0\" align=\"center\">\n<tbody>\n<tr>\n<td align=\"center\" valign=\"middle\"><a href=\"https:\/\/lh4.googleusercontent.com\/-ivleyAyvj5I\/UYV5vQAcYeI\/AAAAAAAALNk\/cKijyhui99c\/s900\/A57-02794.jpg\" rel=\"lightbox[balade]\"><img decoding=\"async\" alt=\"Ficelle\" src=\"https:\/\/lh4.googleusercontent.com\/-ivleyAyvj5I\/UYV5vQAcYeI\/AAAAAAAALNk\/cKijyhui99c\/s240\/A57-02794.jpg\" \/><br \/>\nFicelle<\/a><\/td>\n<\/tr>\n<\/tbody>\n<\/table>\n<p><strong>Jeudi 21 mars<\/strong><br \/>\nVisite chez un copain m\u00e9cano, sp\u00e9cialis\u00e9 Triumph, <a href=\"http:\/\/www.trimax-moto.com\/\">Trimax Moto<\/a>, pas loin de Clermont.<\/p>\n<table border=\"0\" align=\"center\">\n<tbody>\n<tr>\n<td align=\"center\" valign=\"middle\"><a href=\"https:\/\/lh4.googleusercontent.com\/-KptrHHP-kKc\/UUtywS647LI\/AAAAAAAAJ0E\/v0ri1pxJTXc\/s900\/A57-01058-2.jpg\" rel=\"lightbox[balade]\"><img decoding=\"async\" alt=\"Chez Maxence\" src=\"https:\/\/lh4.googleusercontent.com\/-KptrHHP-kKc\/UUtywS647LI\/AAAAAAAAJ0E\/v0ri1pxJTXc\/s240\/A57-01058-2.jpg\" \/><br \/>\nChez Maxence<\/a><\/td>\n<\/tr>\n<\/tbody>\n<\/table>\n<p>Et j&rsquo;en profite pour mettre des photos de <a href=\"http:\/\/auvergnemotosclassiques.com\/\">Jivaro<\/a>, un autre m\u00e9cano de par chez moi, sp\u00e9cialis\u00e9 plut\u00f4t dans les motos anglaises, en particulier les Vincent,\u00a0 mais qui aime bien les m\u00e9caniques un peu sp\u00e9ciales, comme je l&rsquo;explique dans le dernier num\u00e9ro du magazine <a href=\"http:\/\/radmagazine.fr\/\">RAD<\/a>, dans un article de 4 pages avec la premi\u00e8re photo en ouverture (et j&rsquo;avoue qu&rsquo;en double page, elle claque bien).<\/p>\n<table border=\"0\" align=\"center\">\n<tbody>\n<tr>\n<td align=\"center\" valign=\"middle\"><a href=\"https:\/\/lh4.googleusercontent.com\/-5qn8-ZS3M24\/UUuADEZVmKI\/AAAAAAAAJ0w\/h2wcrxZ_89s\/s900\/NEX-04490.jpg\" rel=\"lightbox[balade]\"><img decoding=\"async\" alt=\"Le Jiv'\" src=\"https:\/\/lh4.googleusercontent.com\/-5qn8-ZS3M24\/UUuADEZVmKI\/AAAAAAAAJ0w\/h2wcrxZ_89s\/s240\/NEX-04490.jpg\" \/><br \/>\nLe Jiv&rsquo;<\/a><\/td>\n<td align=\"center\" valign=\"middle\"><a href=\"https:\/\/lh3.googleusercontent.com\/-8cdGrwSrMiI\/UUuADkLZMyI\/AAAAAAAAJ00\/EC7rXY3GiZ0\/s750\/NEX-04547-2.jpg\" rel=\"lightbox[balade]\"><img decoding=\"async\" alt=\"King Dick\" src=\"https:\/\/lh3.googleusercontent.com\/-8cdGrwSrMiI\/UUuADkLZMyI\/AAAAAAAAJ00\/EC7rXY3GiZ0\/s164\/NEX-04547-2.jpg\" \/><br \/>\nKing Dick<\/a><\/td>\n<\/tr>\n<\/tbody>\n<\/table>\n<p><strong>Mercredi 20 mars<\/strong><br \/>\nAujourd&rsquo;hui, c&rsquo;est le printemps. Et le Sancy est encore sous la neige.<\/p>\n<table border=\"0\" align=\"center\">\n<tbody>\n<tr>\n<td align=\"center\" valign=\"middle\"><a href=\"https:\/\/lh4.googleusercontent.com\/-dY8RnrNk8Q0\/UUo7HXMI62I\/AAAAAAAAJzg\/UGPAMlBIxoU\/s750\/A57-00948.jpg\" rel=\"lightbox[balade]\"><img decoding=\"async\" alt=\"Le puy de Paillaret\" src=\"https:\/\/lh4.googleusercontent.com\/-dY8RnrNk8Q0\/UUo7HXMI62I\/AAAAAAAAJzg\/UGPAMlBIxoU\/s164\/A57-00948.jpg\" \/><br \/>\nLe puy de Paillaret<\/a><\/td>\n<\/tr>\n<\/tbody>\n<\/table>\n","protected":false},"excerpt":{"rendered":"<p><strong>Jeudi 12 juin<\/strong><br \/>\nAlors que le printemps se termine et que l&rsquo;\u00e9t\u00e9 va pointer le bout de son nez, par une journ\u00e9e de juin, j&rsquo;ai travers\u00e9 les C\u00e9vennes&#8230;<\/p>\n<table border=\"0\" align=\"center\">\n<tbody>\n<tr>\n<td align=\"center\" valign=\"middle\"><img decoding=\"async\" alt=\"Sur la corniche\" src=\"https:\/\/lh6.googleusercontent.com\/-kaRaadPeFh8\/Ubg0S3EnH-I\/AAAAAAAALdM\/iOevZoFuUvE\/s240\/A57-06184.jpg\" \/><br \/>\nSur la corniche<\/td>\n<\/tr>\n<\/tbody>\n<\/table>\n","protected":false},"author":1,"featured_media":1601,"comment_status":"closed","ping_status":"closed","sticky":false,"template":"","format":"standard","meta":{"footnotes":""},"categories":[6],"tags":[],"class_list":["post-1523","post","type-post","status-publish","format-standard","has-post-thumbnail","hentry","category-02_photos","has-meta"],"_links":{"self":[{"href":"http:\/\/titeroute.org\/index.php?rest_route=\/wp\/v2\/posts\/1523","targetHints":{"allow":["GET"]}}],"collection":[{"href":"http:\/\/titeroute.org\/index.php?rest_route=\/wp\/v2\/posts"}],"about":[{"href":"http:\/\/titeroute.org\/index.php?rest_route=\/wp\/v2\/types\/post"}],"author":[{"embeddable":true,"href":"http:\/\/titeroute.org\/index.php?rest_route=\/wp\/v2\/users\/1"}],"replies":[{"embeddable":true,"href":"http:\/\/titeroute.org\/index.php?rest_route=%2Fwp%2Fv2%2Fcomments&post=1523"}],"version-history":[{"count":21,"href":"http:\/\/titeroute.org\/index.php?rest_route=\/wp\/v2\/posts\/1523\/revisions"}],"predecessor-version":[{"id":1527,"href":"http:\/\/titeroute.org\/index.php?rest_route=\/wp\/v2\/posts\/1523\/revisions\/1527"}],"wp:featuredmedia":[{"embeddable":true,"href":"http:\/\/titeroute.org\/index.php?rest_route=\/wp\/v2\/media\/1601"}],"wp:attachment":[{"href":"http:\/\/titeroute.org\/index.php?rest_route=%2Fwp%2Fv2%2Fmedia&parent=1523"}],"wp:term":[{"taxonomy":"category","embeddable":true,"href":"http:\/\/titeroute.org\/index.php?rest_route=%2Fwp%2Fv2%2Fcategories&post=1523"},{"taxonomy":"post_tag","embeddable":true,"href":"http:\/\/titeroute.org\/index.php?rest_route=%2Fwp%2Fv2%2Ftags&post=1523"}],"curies":[{"name":"wp","href":"https:\/\/api.w.org\/{rel}","templated":true}]}}