{"id":408,"date":"2009-11-29T21:40:21","date_gmt":"2009-11-29T19:40:21","guid":{"rendered":"http:\/\/titeroute.org\/?p=408"},"modified":"2009-12-02T21:15:47","modified_gmt":"2009-12-02T19:15:47","slug":"au-fil-du-mois-novembre","status":"publish","type":"post","link":"http:\/\/titeroute.org\/?p=408","title":{"rendered":"Au fil du mois : novembre"},"content":{"rendered":"<p>Balade en moto du c\u00f4t\u00e9 du C\u00e9zallier. La neige commence \u00e0 recouvrir le paysage au-del\u00e0 de 1 500 m. Il faisait bon dans les vall\u00e9es mais froid en altitude. Tr\u00e8s froid.<\/p>\n<table border=\"0\" align=\"center\">\n<tbody>\n<tr>\n<td align=\"center\" valign=\"center\"><a rel=\"lightbox[balade]\" href=\"http:\/\/titeroute.org\/Photos\/2009\/11_Mois\/Cezallier_03.jpg\"><img decoding=\"async\" src=\"http:\/\/titeroute.org\/Photos\/2009\/11_Mois\/TN_Cezallier_03.jpg\" alt=\"La chapelle de F\u00e9line et le puy de D\u00f4me\" \/><br \/>\nLa chapelle de F\u00e9line<br \/>\n<\/a><\/td>\n<td align=\"center\" valign=\"center\"><a rel=\"lightbox[balade]\" href=\"http:\/\/titeroute.org\/Photos\/2009\/11_Mois\/Cezallier_01.jpg\"><img decoding=\"async\" src=\"http:\/\/titeroute.org\/Photos\/2009\/11_Mois\/TN_Cezallier_01.jpg\" alt=\"Le puy de D\u00f4me depuis le C\u00e9zallier\" \/><br \/>\nLe puy de D\u00f4me<br \/>\n<\/a><\/td>\n<td align=\"center\" valign=\"center\"><a rel=\"lightbox[balade]\" href=\"http:\/\/titeroute.org\/Photos\/2009\/11_Mois\/Cezallier_02.jpg\"><img decoding=\"async\" src=\"http:\/\/titeroute.org\/Photos\/2009\/11_Mois\/TN_Cezallier_02.jpg\" alt=\"D\u00e9but de neige sur le Sancy\" \/><br \/>\nLe Sancy<br \/>\n<\/a><\/td>\n<\/tr>\n<\/tbody>\n<\/table>\n<p>Trois photos qui n&rsquo;ont pas fait partie de ma s\u00e9lection pour <a href=\"http:\/\/titeroute.org\/?p=402\">Le charme surann\u00e9 d&rsquo;un h\u00f4tel de campagne<\/a>, mais qui auraient pu.<\/p>\n<table border=\"0\" align=\"center\">\n<tbody>\n<tr>\n<td align=\"center\" valign=\"center\"><a rel=\"lightbox[balade]\" href=\"http:\/\/titeroute.org\/Photos\/2009\/11_Mois\/Magnat_01.jpg\"><img decoding=\"async\" src=\"http:\/\/titeroute.org\/Photos\/2009\/11_Mois\/TN_Magnat_01.jpg\" alt=\"Porte\" \/><br \/>\nPorte<br \/>\n<\/a><\/td>\n<td align=\"center\" valign=\"center\"><a rel=\"lightbox[balade]\" href=\"http:\/\/titeroute.org\/Photos\/2009\/11_Mois\/Magnat_03.jpg\"><img decoding=\"async\" src=\"http:\/\/titeroute.org\/Photos\/2009\/11_Mois\/TN_Magnat_03.jpg\" alt=\"Serrure\" \/><br \/>\nSerrure<br \/>\n<\/a><\/td>\n<td align=\"center\" valign=\"center\"><a rel=\"lightbox[balade]\" href=\"http:\/\/titeroute.org\/Photos\/2009\/11_Mois\/Magnat_02.jpg\"><img decoding=\"async\" src=\"http:\/\/titeroute.org\/Photos\/2009\/11_Mois\/TN_Magnat_02.jpg\" alt=\"Tiroir\" \/><br \/>\nTiroir<br \/>\n<\/a><\/td>\n<\/tr>\n<\/tbody>\n<\/table>\n<p>Samedi, apr\u00e8s-midi photo avec quatre forumeurs AlphaDxD, dans la Loire. Balade vers le ch\u00e2teau d&rsquo;Essalois puis pause caf\u00e9 \u00e0 Saint-Just Saint-Rambert.<\/p>\n<table border=\"0\" align=\"center\">\n<tbody>\n<tr>\n<td align=\"center\" valign=\"center\"><a rel=\"lightbox[balade]\" href=\"http:\/\/titeroute.org\/Photos\/2009\/11_Mois\/Arbre.jpg\"><img decoding=\"async\" src=\"http:\/\/titeroute.org\/Photos\/2009\/11_Mois\/TN_Arbre.jpg\" alt=\"Arbre\" \/><br \/>\nArbre<br \/>\n<\/a><\/td>\n<td align=\"center\" valign=\"center\"><a rel=\"lightbox[balade]\" href=\"http:\/\/titeroute.org\/Photos\/2009\/11_Mois\/Barreau.jpg\"><img decoding=\"async\" src=\"http:\/\/titeroute.org\/Photos\/2009\/11_Mois\/TN_Barreau.jpg\" alt=\"Au sommet de la tour ronde\" \/><br \/>\nAu sommet de la tour ronde<br \/>\n<\/a><\/td>\n<\/tr>\n<tr>\n<td align=\"center\" valign=\"center\"><a rel=\"lightbox[balade]\" href=\"http:\/\/titeroute.org\/Photos\/2009\/11_Mois\/Escalier.jpg\"><img decoding=\"async\" src=\"http:\/\/titeroute.org\/Photos\/2009\/11_Mois\/TN_Escalier.jpg\" alt=\"Escalier de la tour carr\u00e9e\" \/><br \/>\nEscalier de la tour carr\u00e9e<br \/>\n<\/a><\/td>\n<td align=\"center\" valign=\"center\"><a rel=\"lightbox[balade]\" href=\"http:\/\/titeroute.org\/Photos\/2009\/11_Mois\/Bar.jpg\"><img decoding=\"async\" src=\"http:\/\/titeroute.org\/Photos\/2009\/11_Mois\/TN_Bar.jpg\" alt=\"Depuis l'int\u00e9rieur du caf\u00e9\" \/><br \/>\nDepuis l&rsquo;int\u00e9rieur du caf\u00e9<br \/>\n<\/a><\/td>\n<\/tr>\n<\/tbody>\n<\/table>\n","protected":false},"excerpt":{"rendered":"<p>Balade en moto du c\u00f4t\u00e9 du C\u00e9zallier. La neige commence \u00e0 recouvrir le paysage au-del\u00e0 de 1 500 m. Il faisait bon dans les vall\u00e9es &hellip; <\/p>\n","protected":false},"author":1,"featured_media":0,"comment_status":"closed","ping_status":"closed","sticky":false,"template":"","format":"standard","meta":{"footnotes":""},"categories":[6],"tags":[],"class_list":["post-408","post","type-post","status-publish","format-standard","hentry","category-02_photos","has-meta"],"_links":{"self":[{"href":"http:\/\/titeroute.org\/index.php?rest_route=\/wp\/v2\/posts\/408","targetHints":{"allow":["GET"]}}],"collection":[{"href":"http:\/\/titeroute.org\/index.php?rest_route=\/wp\/v2\/posts"}],"about":[{"href":"http:\/\/titeroute.org\/index.php?rest_route=\/wp\/v2\/types\/post"}],"author":[{"embeddable":true,"href":"http:\/\/titeroute.org\/index.php?rest_route=\/wp\/v2\/users\/1"}],"replies":[{"embeddable":true,"href":"http:\/\/titeroute.org\/index.php?rest_route=%2Fwp%2Fv2%2Fcomments&post=408"}],"version-history":[{"count":6,"href":"http:\/\/titeroute.org\/index.php?rest_route=\/wp\/v2\/posts\/408\/revisions"}],"predecessor-version":[{"id":422,"href":"http:\/\/titeroute.org\/index.php?rest_route=\/wp\/v2\/posts\/408\/revisions\/422"}],"wp:attachment":[{"href":"http:\/\/titeroute.org\/index.php?rest_route=%2Fwp%2Fv2%2Fmedia&parent=408"}],"wp:term":[{"taxonomy":"category","embeddable":true,"href":"http:\/\/titeroute.org\/index.php?rest_route=%2Fwp%2Fv2%2Fcategories&post=408"},{"taxonomy":"post_tag","embeddable":true,"href":"http:\/\/titeroute.org\/index.php?rest_route=%2Fwp%2Fv2%2Ftags&post=408"}],"curies":[{"name":"wp","href":"https:\/\/api.w.org\/{rel}","templated":true}]}}