{"id":413,"date":"2009-11-24T00:12:24","date_gmt":"2009-11-23T22:12:24","guid":{"rendered":"http:\/\/titeroute.org\/?p=413"},"modified":"2010-12-07T03:05:27","modified_gmt":"2010-12-07T01:05:27","slug":"virolothon-2009","status":"publish","type":"post","link":"http:\/\/titeroute.org\/?p=413","title":{"rendered":"Virolothon 2009"},"content":{"rendered":"<p>Un Virolothon, quand on peut, \u00e7a se commence avant, histoire de se mettre les gommes \u00e0 la bonne temp\u00e9rature et d&rsquo;\u00eatre pr\u00eat \u00e0 rendre honneur aux virolos tel qu&rsquo;il se doit. Surtout quand l&rsquo;ann\u00e9e s&rsquo;annonce exceptionnelle : la m\u00e9t\u00e9o pr\u00e9voit du soleil. Alleluia, alleluia, je laisserai donc la combi pluie au garage et avec un peu de chance, cette ann\u00e9e, on roulera sur autre chose que des routes humides.<br \/>\nDonc je disais qu&rsquo;un Viro, quand on peut, \u00e7a se commence avant. Ca tombe bien, je peux. Vendredi matin, direction la Haute Loire et l&rsquo;Ard\u00e8che par mes routes habituelles. Je m&rsquo;arr\u00eate dans un village, je ne sais plus lequel, quelque part entre Lalouvesc et Tournon, pour une pause chocolat\/pipi\/changement de carte. Je tombe sur un vieux bar, dont la d\u00e9co me rappelle celui de ma grand-m\u00e8re. La tenanci\u00e8re me rappelle aussi ma grand-m\u00e8re. Je prends mon chocolat et je regarde le temps passer&#8230;<\/p>\n<table border=\"0\" align=\"center\">\n<tbody>\n<tr>\n<td align=\"center\" valign=\"center\"><a rel=\"lightbox[balade]\" href=\"http:\/\/titeroute.org\/Moto\/2009\/10_Virolothon\/Viro09_01.jpg\"><img decoding=\"async\" src=\"http:\/\/titeroute.org\/Moto\/2009\/10_Virolothon\/TN_Viro09_01.jpg\" alt=\"Pause caf\u00e9\" \/><br \/>\nPause caf\u00e9<br \/>\n<\/a><\/td>\n<\/tr>\n<\/tbody>\n<\/table>\n<p>C&rsquo;est l\u00e0 que je me rends compte que j&rsquo;ai oubli\u00e9 ma carte Rh\u00f4ne-Alpes. Il me faudra faire cinq librairies\/marchands de journaux\/vendeurs de babioles pour arriver \u00e0 en trouver une. J&rsquo;ai cru que j&rsquo;allais \u00eatre oblig\u00e9e d&rsquo;aller dans un supermarch\u00e9. La faute aux GPS ? En tout cas, je finis par \u00eatre sauv\u00e9e, parce que mine de rien, je ne sais pas r\u00e9ellement o\u00f9 je vais, j&rsquo;ai juste l&rsquo;adresse mais je n&rsquo;ai pas fait le road-book pour y aller, j&rsquo;improvise plus ou moins \u00e0 la carte. Donc sans carte, \u00e7a devenait compliqu\u00e9.<br \/>\nUne fois la carte achet\u00e9e, j&rsquo;ai pest\u00e9 contre les nouvelles moutures r\u00e9gionales Michelin, qui ne collent pas tout \u00e0 fait avec les anciennes. Il me manquait une vingtaine de kilom\u00e8tres, qui n&rsquo;\u00e9taient ni sur l&rsquo;Auvergne-Limousin ancienne version, ni sur la Rh\u00f4ne-Alpes nouvelle version. Jusqu&rsquo;\u00e0 ce que je me souvienne, trop tard, que les nouvelles Michelin sont recto-verso et que la partie qui me manquait \u00e9tait&#8230; verso. Blonde un jour&#8230;<br \/>\nA la nuit tombante, un peu avant d&rsquo;arriver au g\u00eete, \u00e0 c\u00f4t\u00e9 du lac d&rsquo;Aiguebelette, je rattrape le motobus, jaune, et Sylvie derri\u00e8re sur sa 125. Elle n&rsquo;a pas l&rsquo;air \u00e0 l&rsquo;aise pour les d\u00e9marrages en c\u00f4te, Sylvie. Par contre, \u00e0 sa fa\u00e7on de prendre les virages, je me dis qu&rsquo;il ne faut pas qu&rsquo;elle passe devant le side, J\u00e9sus n&rsquo;arrivera jamais \u00e0 la rattraper.<br \/>\nA l&rsquo;arriv\u00e9e, comme d&rsquo;hab, blabla, miam-miam, glouglou. La soir\u00e9e ne se termine pas tr\u00e8s tard, c&rsquo;est moche de vieillir.<\/p>\n<p>Mais c&rsquo;est bon de rouler !<br \/>\nLe samedi, programme goinfre. L&rsquo;id\u00e9e est de relier la Grave, o\u00f9 se trouve le g\u00eete du samedi soir. Et c&rsquo;est donc parti pour un festival de cols : Epine, Granier, travers\u00e9e de la Chartreuse, col du Coq, Allevard, o\u00f9 on fait une pause d\u00e9jeuner. J&rsquo;ai fait une partie du trajet derri\u00e8re Pierre et sa Desmodechichi. Ca a beau \u00eatre l\u00e9ger et bourr\u00e9 de watts, cet engin, \u00e7a n&rsquo;a pas l&rsquo;air commode \u00e0 emmener sur des petites routes recouvertes de feuilles mortes et \u00e7a me donne plus l&rsquo;impression d&rsquo;\u00eatre un bout de bois qu&rsquo;autre chose. A un moment, Laurent me pr\u00eate sa Vogica Gran Canyon. Et l\u00e0, c&rsquo;est la premi\u00e8re fois que je me sens en perdition avec une b\u00e9cane. Pas \u00e0 l&rsquo;aise, \u00e7a m&rsquo;est d\u00e9j\u00e0 arriv\u00e9 plein de fois, surtout avec les motos de la cat\u00e9gorie girafe (comme l&rsquo;Elefant de Flyben). Mais l\u00e0, c&rsquo;est plus que mal \u00e0 l&rsquo;aise, c&rsquo;est l&rsquo;impression que je vais la foutre par terre avant de comprendre quoi que ce soit. C&rsquo;est avec soulagement que je reprends ma pocket bike molle.<br \/>\nApr\u00e8s la pause d\u00e9jeuner, on reprend notre programme de cols : vall\u00e9es des Huiles, col du Grand Cucheron, un peu de vall\u00e9e avant d&rsquo;aller attaquer le Glandon, la Croix de Fer, le Mollard. On s&rsquo;arr\u00eate, histoire de faire des photos et d&rsquo;admirer le panorama.<\/p>\n<table border=\"0\" align=\"center\">\n<tbody>\n<tr>\n<td align=\"center\" valign=\"center\"><a rel=\"lightbox[balade]\" href=\"http:\/\/titeroute.org\/Moto\/2009\/10_Virolothon\/Viro09_02.jpg\"><img decoding=\"async\" src=\"http:\/\/titeroute.org\/Moto\/2009\/10_Virolothon\/TN_Viro09_02.jpg\" alt=\"Col du Glandon\" \/><br \/>\nCol du Glandon<br \/>\n<\/a><\/td>\n<td align=\"center\" valign=\"center\"><a rel=\"lightbox[balade]\" href=\"http:\/\/titeroute.org\/Moto\/2009\/10_Virolothon\/Viro09_03.jpg\"><img decoding=\"async\" src=\"http:\/\/titeroute.org\/Moto\/2009\/10_Virolothon\/TN_Viro09_03.jpg\" alt=\"Marc au col du Glandon\" \/><br \/>\nMarc au col du Glandon<br \/>\n<\/a><\/td>\n<\/tr>\n<\/tbody>\n<\/table>\n<p>Et on repart, \u00e0 nouveau un fond de vall\u00e9e avant de remonter par le Galibier. La vue est jolie mais le soleil d\u00e9j\u00e0 bien bas. Un autre groupe nous rattrape.<\/p>\n<table border=\"0\" align=\"center\">\n<tbody>\n<tr>\n<td align=\"center\" valign=\"center\"><a rel=\"lightbox[balade]\" href=\"http:\/\/titeroute.org\/Moto\/2009\/10_Virolothon\/Viro09_04.jpg\"><img decoding=\"async\" src=\"http:\/\/titeroute.org\/Moto\/2009\/10_Virolothon\/TN_Viro09_04.jpg\" alt=\"Sml\" \/><br \/>\nSml<br \/>\n<\/a><\/td>\n<td align=\"center\" valign=\"center\"><a rel=\"lightbox[balade]\" href=\"http:\/\/titeroute.org\/Moto\/2009\/10_Virolothon\/Viro09_05.jpg\"><img decoding=\"async\" src=\"http:\/\/titeroute.org\/Moto\/2009\/10_Virolothon\/TN_Viro09_05.jpg\" alt=\"Bruno\" \/><br \/>\nBruno<br \/>\n<\/a><\/td>\n<td align=\"center\" valign=\"center\"><a rel=\"lightbox[balade]\" href=\"http:\/\/titeroute.org\/Moto\/2009\/10_Virolothon\/Viro09_06.jpg\"><img decoding=\"async\" src=\"http:\/\/titeroute.org\/Moto\/2009\/10_Virolothon\/TN_Viro09_06.jpg\" alt=\"De nuages et de vent\" \/><br \/>\nDe nuages et de vent<br \/>\n<\/a><\/td>\n<\/tr>\n<\/tbody>\n<\/table>\n<p>On se finit avec le Lautaret, puis c&rsquo;est l&rsquo;arriv\u00e9e vers la Grave, dans un village escarp\u00e9.<br \/>\nSoir\u00e9e as usual, bonne bouffe, bon bizarre, bonne rigolade, qui a permis, ne me demandez pas comment, d&rsquo;arriver au concept de soir\u00e9e \u00ab\u00a0Couine et moustache\u00a0\u00bb, \u00e0 mettre en oeuvre prochainement.<\/p>\n<table border=\"0\" align=\"center\">\n<tbody>\n<tr>\n<td align=\"center\" valign=\"center\"><a rel=\"lightbox[balade]\" href=\"http:\/\/titeroute.org\/Moto\/2009\/10_Virolothon\/Viro09_07.jpg\"><img decoding=\"async\" src=\"http:\/\/titeroute.org\/Moto\/2009\/10_Virolothon\/TN_Viro09_07.jpg\" alt=\"Assembl\u00e9e\" \/><br \/>\nAssembl\u00e9e<br \/>\n<\/a><\/td>\n<td align=\"center\" valign=\"center\"><a rel=\"lightbox[balade]\" href=\"http:\/\/titeroute.org\/Moto\/2009\/10_Virolothon\/Viro09_08.jpg\"><img decoding=\"async\" src=\"http:\/\/titeroute.org\/Moto\/2009\/10_Virolothon\/TN_Viro09_08.jpg\" alt=\"J\u00e9sus\" \/><br \/>\nJ\u00e9sus<br \/>\n<\/a><\/td>\n<td align=\"center\" valign=\"center\"><a rel=\"lightbox[balade]\" href=\"http:\/\/titeroute.org\/Moto\/2009\/10_Virolothon\/Viro09_09.jpg\"><img decoding=\"async\" src=\"http:\/\/titeroute.org\/Moto\/2009\/10_Virolothon\/TN_Viro09_09.jpg\" alt=\"J\u00e9sus bis\" \/><br \/>\nJ\u00e9sus bis<br \/>\n<\/a><\/td>\n<\/tr>\n<tr>\n<td align=\"center\" valign=\"center\"><a rel=\"lightbox[balade]\" href=\"http:\/\/titeroute.org\/Moto\/2009\/10_Virolothon\/Viro09_10.jpg\"><img decoding=\"async\" src=\"http:\/\/titeroute.org\/Moto\/2009\/10_Virolothon\/TN_Viro09_10.jpg\" alt=\"Mashounet\" \/><br \/>\nMashounet<br \/>\n<\/a><\/td>\n<td align=\"center\" valign=\"center\"><a rel=\"lightbox[balade]\" href=\"http:\/\/titeroute.org\/Moto\/2009\/10_Virolothon\/Viro09_11.jpg\"><img decoding=\"async\" src=\"http:\/\/titeroute.org\/Moto\/2009\/10_Virolothon\/TN_Viro09_11.jpg\" alt=\"Papouilles\" \/><br \/>\nPapouilles<br \/>\n<\/a><\/td>\n<td align=\"center\" valign=\"center\"><a rel=\"lightbox[balade]\" href=\"http:\/\/titeroute.org\/Moto\/2009\/10_Virolothon\/Viro09_12.jpg\"><img decoding=\"async\" src=\"http:\/\/titeroute.org\/Moto\/2009\/10_Virolothon\/TN_Viro09_12.jpg\" alt=\"Les bottes de Jolito\" \/><br \/>\nLes bottes de Jolito<br \/>\n<\/a><\/td>\n<\/tr>\n<tr>\n<td align=\"center\" valign=\"center\"><a rel=\"lightbox[balade]\" href=\"http:\/\/titeroute.org\/Moto\/2009\/10_Virolothon\/Viro09_13.jpg\"><img decoding=\"async\" src=\"http:\/\/titeroute.org\/Moto\/2009\/10_Virolothon\/TN_Viro09_13.jpg\" alt=\"Laurent met le feu\" \/><br \/>\nLaurent met le feu<br \/>\n<\/a><\/td>\n<\/tr>\n<\/tbody>\n<\/table>\n<p>Au lendemain matin, superbe lever de soleil sur la Meije et le Rateau en face du g\u00eete.<\/p>\n<table border=\"0\" align=\"center\">\n<tbody>\n<tr>\n<td align=\"center\" valign=\"center\"><a rel=\"lightbox[balade]\" href=\"http:\/\/titeroute.org\/Moto\/2009\/10_Virolothon\/Viro09_14.jpg\"><img decoding=\"async\" src=\"http:\/\/titeroute.org\/Moto\/2009\/10_Virolothon\/TN_Viro09_14.jpg\" alt=\"Vall\u00e9es\" \/><br \/>\nVall\u00e9es<br \/>\n<\/a><\/td>\n<td align=\"center\" valign=\"center\"><a rel=\"lightbox[balade]\" href=\"http:\/\/titeroute.org\/Moto\/2009\/10_Virolothon\/Viro09_15.jpg\"><img decoding=\"async\" src=\"http:\/\/titeroute.org\/Moto\/2009\/10_Virolothon\/TN_Viro09_15.jpg\" alt=\"Trait d'avion\" \/><br \/>\nTrait d&rsquo;avion<br \/>\n<\/a><\/td>\n<td align=\"center\" valign=\"center\"><a rel=\"lightbox[balade]\" href=\"http:\/\/titeroute.org\/Moto\/2009\/10_Virolothon\/Viro09_16.jpg\"><img decoding=\"async\" src=\"http:\/\/titeroute.org\/Moto\/2009\/10_Virolothon\/TN_Viro09_16.jpg\" alt=\"Vue d'ensemble\" \/><br \/>\nVue d&rsquo;ensemble<br \/>\n<\/a><\/td>\n<\/tr>\n<tr>\n<td align=\"center\" valign=\"center\"><a rel=\"lightbox[balade]\" href=\"http:\/\/titeroute.org\/Moto\/2009\/10_Virolothon\/Viro09_17.jpg\"><img decoding=\"async\" src=\"http:\/\/titeroute.org\/Moto\/2009\/10_Virolothon\/TN_Viro09_17.jpg\" alt=\"Silhouettes\" \/><br \/>\nSilhouettes<br \/>\n<\/a><\/td>\n<td align=\"center\" valign=\"center\"><a rel=\"lightbox[balade]\" href=\"http:\/\/titeroute.org\/Moto\/2009\/10_Virolothon\/Viro09_18.jpg\"><img decoding=\"async\" src=\"http:\/\/titeroute.org\/Moto\/2009\/10_Virolothon\/TN_Viro09_18.jpg\" alt=\"Roues\" \/><br \/>\nRoues<br \/>\n<\/a><\/td>\n<td align=\"center\" valign=\"center\"><a rel=\"lightbox[balade]\" href=\"http:\/\/titeroute.org\/Moto\/2009\/10_Virolothon\/Viro09_19.jpg\"><img decoding=\"async\" src=\"http:\/\/titeroute.org\/Moto\/2009\/10_Virolothon\/TN_Viro09_19.jpg\" alt=\"Ruelle\" \/><br \/>\nRuelle<br \/>\n<\/a><\/td>\n<\/tr>\n<\/tbody>\n<\/table>\n<p>On se pr\u00e9pare \u00e0 partir, les enfants (m\u00eame grands) dessinent sur la ros\u00e9e des pare-brise, le soleil finit de se lever.<\/p>\n<table border=\"0\" align=\"center\">\n<tbody>\n<tr>\n<td align=\"center\" valign=\"center\"><a rel=\"lightbox[balade]\" href=\"http:\/\/titeroute.org\/Moto\/2009\/10_Virolothon\/Viro09_20.jpg\"><img decoding=\"async\" src=\"http:\/\/titeroute.org\/Moto\/2009\/10_Virolothon\/TN_Viro09_20.jpg\" alt=\"Motobus\" \/><br \/>\nMotobus<br \/>\n<\/a><\/td>\n<td align=\"center\" valign=\"center\"><a rel=\"lightbox[balade]\" href=\"http:\/\/titeroute.org\/Moto\/2009\/10_Virolothon\/Viro09_21.jpg\"><img decoding=\"async\" src=\"http:\/\/titeroute.org\/Moto\/2009\/10_Virolothon\/TN_Viro09_21.jpg\" alt=\"Le soleil est un peu plus haut\" \/><br \/>\nIl est temps de partir<br \/>\n<\/a><\/td>\n<\/tr>\n<\/tbody>\n<\/table>\n<p>Et justement, au moment de partir, par o\u00f9 va-t-on ? On ne sait pas bien, mais on est int\u00e9ress\u00e9 par une nouvelle journ\u00e9e goinfrage. On, c&rsquo;est Jolito, sml et ma pomme. Laurent parle d&rsquo;aller prendre des photos de l&rsquo;Izoard, \u00ab\u00a0la lumi\u00e8re est belle\u00a0\u00bb. Mais il suffit de quelques mots bien choisis (Alpes d&rsquo;Huez, col d&rsquo;Ornon, de Men\u00e9e et du Rousset) pour le faire changer d&rsquo;avis. Le motard est bien faible par rapport au photographe.<br \/>\nEt c&rsquo;est ainsi que commen\u00e7a une de mes plus belles journ\u00e9es moto, tant par la beaut\u00e9 des paysages que par l&rsquo;ambiance qui a r\u00e9gn\u00e9. Impossible de d\u00e9crire cette sorte d&rsquo;harmonie qui r\u00e9gnait dans le groupe. Roulage \u00e0 peu pr\u00e8s similaire (j&rsquo;ai pas dit vitesse), bonne humeur, m\u00eame amour des petites routes gravillonn\u00e9es et herbeuses. Des virages \u00e0 en avoir le tournis, \u00e0 peine avait-on fini un col qu&rsquo;on en commen\u00e7ait un autre. Et surtout cette envie de rouler, \u00e0 la limite du raisonnable. J&rsquo;ai aussi eu la chance de pouvoir me faire une journ\u00e9e \u00ab\u00a0Couine, Moustache et Chouchounet\u00a0\u00bb et \u00e7a, c&rsquo;est inestimable !<\/p>\n<p>Nous part\u00eemes donc \u00e0 quatre, SV, Versys, Gran Canyon et SM, \u00e0 emprunter la mont\u00e9e de l&rsquo;Alpes d&rsquo;Huez par derri\u00e8re. C&rsquo;est petit, c&rsquo;est \u00e9troit. Et c&rsquo;est rempli de moutons qu&rsquo;il faut presque virer \u00e0 coups de pied de la route pour pouvoir passer. On arrive au col de Sarennes, superbe en ce milieu de matin\u00e9e.<\/p>\n<table border=\"0\" align=\"center\">\n<tbody>\n<tr>\n<td align=\"center\" valign=\"center\"><a rel=\"lightbox[balade]\" href=\"http:\/\/titeroute.org\/Moto\/2009\/10_Virolothon\/Viro09_22.jpg\"><img decoding=\"async\" src=\"http:\/\/titeroute.org\/Moto\/2009\/10_Virolothon\/TN_Viro09_22.jpg\" alt=\"Vall\u00e9e\" \/><br \/>\nVall\u00e9e<br \/>\n<\/a><\/td>\n<td align=\"center\" valign=\"center\"><a rel=\"lightbox[balade]\" href=\"http:\/\/titeroute.org\/Moto\/2009\/10_Virolothon\/Viro09_23.jpg\"><img decoding=\"async\" src=\"http:\/\/titeroute.org\/Moto\/2009\/10_Virolothon\/TN_Viro09_23.jpg\" alt=\"Contrejour\" \/><br \/>\nContrejour<br \/>\n<\/a><\/td>\n<td align=\"center\" valign=\"center\"><a rel=\"lightbox[balade]\" href=\"http:\/\/titeroute.org\/Moto\/2009\/10_Virolothon\/Viro09_24.jpg\"><img decoding=\"async\" src=\"http:\/\/titeroute.org\/Moto\/2009\/10_Virolothon\/TN_Viro09_24.jpg\" alt=\"Col de Sarennes\" \/><br \/>\nCol de Sarennes<br \/>\n<\/a><\/td>\n<\/tr>\n<\/tbody>\n<\/table>\n<p>Sur une portion de la route, un peu d&rsquo;\u00e9changisme moto. Je me retrouve sur la KTM de Sml. M\u00eame probl\u00e8me de cale-pieds r\u00e9currents qu&rsquo;avec d&rsquo;autres motos \u00e0 la position typ\u00e9e trail (faudrait que je reprenne mon abonnement avec mon kin\u00e9-osth\u00e9o), mais globalement, \u00e7a me plait bien, je suis carr\u00e9ment plus \u00e0 l&rsquo;aise qu&rsquo;hier avec la Gran Canyon m\u00eame s&rsquo;il me faudrait un peu plus que dix ou vingt kilom\u00e8tres pour arriver \u00e0 prendre en main un bestiau pareil&#8230; A un moment, Sml est aussi pass\u00e9 devant moi pour me montrer comment am\u00e9liorer mes trajectoires. Un vrai bonheur que de se sentir prot\u00e9g\u00e9e comme \u00e7a.<br \/>\nNous continuons, direction le col d&rsquo;Ornon, pour une pause d\u00e9jeuner. Faut pas d\u00e9conner, \u00e7a fait bien deux heures qu&rsquo;on roule ! Malgr\u00e9 les doutes du restaurateur, nous restons attabl\u00e9s \u00e0 l&rsquo;ext\u00e9rieur, profitant des rayons de soleil pour ignorer la l\u00e9g\u00e8re fra\u00eecheur du fond de l&rsquo;air.<br \/>\nEn guise de digestif, ce sera le col de Men\u00e9e. Je ne sais plus pour quelle raison nous nous sommes arr\u00eat\u00e9s en entr\u00e9e de village. Mais c&rsquo;\u00e9tait de circonstance&#8230;<\/p>\n<table border=\"0\" align=\"center\">\n<tbody>\n<tr>\n<td align=\"center\" valign=\"center\"><a rel=\"lightbox[balade]\" href=\"http:\/\/titeroute.org\/Moto\/2009\/10_Virolothon\/Viro09_25.jpg\"><img decoding=\"async\" src=\"http:\/\/titeroute.org\/Moto\/2009\/10_Virolothon\/TN_Viro09_25.jpg\" alt=\"Appelez-moi Dieu\" \/><br \/>\nAppelez-moi Dieu<br \/>\n<\/a><\/td>\n<\/tr>\n<\/tbody>\n<\/table>\n<p>Un peu avant quinze heures, nous attaquons le col du Rousset. Sagement en fait. J&rsquo;arrive m\u00eame \u00e0 suivre, c&rsquo;est dire.<\/p>\n<table border=\"0\" align=\"center\">\n<tbody>\n<tr>\n<td align=\"center\" valign=\"center\"><a rel=\"lightbox[balade]\" href=\"http:\/\/titeroute.org\/Moto\/2009\/10_Virolothon\/Viro09_26.jpg\"><img decoding=\"async\" src=\"http:\/\/titeroute.org\/Moto\/2009\/10_Virolothon\/TN_Viro09_26.jpg\" alt=\"Le col du Rousset\" \/><br \/>\nLe col du Rousset<br \/>\n<\/a><\/td>\n<td align=\"center\" valign=\"center\"><a rel=\"lightbox[balade]\" href=\"http:\/\/titeroute.org\/Moto\/2009\/10_Virolothon\/Viro09_27.jpg\"><img decoding=\"async\" src=\"http:\/\/titeroute.org\/Moto\/2009\/10_Virolothon\/TN_Viro09_27.jpg\" alt=\"Couine, Chouchounet et Moustache\" \/><br \/>\nCouine, Chouchounet et Moustache<br \/>\n<\/a><\/td>\n<\/tr>\n<\/tbody>\n<\/table>\n<p>L&rsquo;apr\u00e8s-midi avance, il faut commencer \u00e0 penser au chemin du retour. Un dernier col, la Bataille, avant l&rsquo;arriv\u00e9e sur Valence. On prend un dernier verre, je n&rsquo;ai pas envie de rentrer chez moi. Laurent et Jolito prennent la direction de Grenoble, Sml met les \u00e9couteurs de son ipod pour adoucir un peu les six heures d&rsquo;autoroute qui l&rsquo;attendent. J&rsquo;h\u00e9site entre la route directe par le Puy ou passer par Yssingeaux, Arlanc. J&rsquo;opte pour la premi\u00e8re solution. C&rsquo;est moche de vieillir. J&rsquo;arrive \u00e0 la maison \u00e0 quasiment 21 h, la nuit est d\u00e9j\u00e0 tomb\u00e9e depuis longtemps.<br \/>\nTrois jours de balade, 1 200 km, 17 cols, des paysages magnifiques, un beau temps inhabituel pour un Viro, des motards toujours aussi sympa. Un week-end comme je les aime.<\/p>\n","protected":false},"excerpt":{"rendered":"<p>Un Virolothon, quand on peut, \u00e7a se commence avant, histoire de se mettre les gommes \u00e0 la bonne temp\u00e9rature et d&rsquo;\u00eatre pr\u00eat \u00e0 rendre honneur &hellip; <\/p>\n","protected":false},"author":1,"featured_media":0,"comment_status":"closed","ping_status":"closed","sticky":false,"template":"","format":"standard","meta":{"footnotes":""},"categories":[16,5],"tags":[],"class_list":["post-413","post","type-post","status-publish","format-standard","hentry","category-histoires","category-01_moto","has-meta"],"_links":{"self":[{"href":"http:\/\/titeroute.org\/index.php?rest_route=\/wp\/v2\/posts\/413","targetHints":{"allow":["GET"]}}],"collection":[{"href":"http:\/\/titeroute.org\/index.php?rest_route=\/wp\/v2\/posts"}],"about":[{"href":"http:\/\/titeroute.org\/index.php?rest_route=\/wp\/v2\/types\/post"}],"author":[{"embeddable":true,"href":"http:\/\/titeroute.org\/index.php?rest_route=\/wp\/v2\/users\/1"}],"replies":[{"embeddable":true,"href":"http:\/\/titeroute.org\/index.php?rest_route=%2Fwp%2Fv2%2Fcomments&post=413"}],"version-history":[{"count":10,"href":"http:\/\/titeroute.org\/index.php?rest_route=\/wp\/v2\/posts\/413\/revisions"}],"predecessor-version":[{"id":1037,"href":"http:\/\/titeroute.org\/index.php?rest_route=\/wp\/v2\/posts\/413\/revisions\/1037"}],"wp:attachment":[{"href":"http:\/\/titeroute.org\/index.php?rest_route=%2Fwp%2Fv2%2Fmedia&parent=413"}],"wp:term":[{"taxonomy":"category","embeddable":true,"href":"http:\/\/titeroute.org\/index.php?rest_route=%2Fwp%2Fv2%2Fcategories&post=413"},{"taxonomy":"post_tag","embeddable":true,"href":"http:\/\/titeroute.org\/index.php?rest_route=%2Fwp%2Fv2%2Ftags&post=413"}],"curies":[{"name":"wp","href":"https:\/\/api.w.org\/{rel}","templated":true}]}}