{"id":1078,"date":"2011-01-03T16:13:19","date_gmt":"2011-01-03T14:13:19","guid":{"rendered":"http:\/\/titeroute.org\/?p=1078"},"modified":"2011-01-03T19:39:11","modified_gmt":"2011-01-03T17:39:11","slug":"en-ce-debut-dannee","status":"publish","type":"post","link":"https:\/\/titeroute.org\/?p=1078","title":{"rendered":"En ce d\u00e9but d&rsquo;ann\u00e9e"},"content":{"rendered":"<p>Et c&rsquo;est reparti pour une ann\u00e9e photographique, motarde et&#8230; pour les autres adjectifs, on verra ce que l&rsquo;avenir me r\u00e9servera. En tout cas, je suis confiante, l&rsquo;ann\u00e9e 2010 a \u00e9t\u00e9 un tournant, et la voie sur laquelle je me suis engag\u00e9e me pla\u00eet beaucoup. L&rsquo;avenir n&rsquo;est plus un sombre tunnel sans fin, mais est rempli d&rsquo;une jolie lumi\u00e8re (qui donnera de belles photos).<\/p>\n<p>Je souhaite aux lecteurs de ce site, que j&rsquo;ai crois\u00e9s pour certains au fil de mes sorties, au d\u00e9tour d&rsquo;un mail ou d&rsquo;un fil dans un forum, une belle ann\u00e9e 2011, douce, chaleureuse, harmonieuse, pleine de joies, d&rsquo;aventures, de rencontres et de ces petits moments \u00e9tincelles qui rendent la vie unique.<\/p>\n<table border=\"0\" align=\"center\">\n<tbody>\n<tr>\n<td align=\"center\" valign=\"center\"><a rel=\"lightbox[balade]\" href=\"http:\/\/titeroute.org\/wordpress\/wp-content\/uploads\/2011\/01\/Voeux2011.jpg\"><img decoding=\"async\" src=\"http:\/\/titeroute.org\/wordpress\/wp-content\/uploads\/2011\/01\/TN_Voeux2011.jpg\" alt=\"Bonne ann\u00e9e 2011\" \/><br \/>\nBonne ann\u00e9e 2011<\/a><\/td>\n<\/tr>\n<\/tbody>\n<\/table>\n<p>Edit : Pour cette fois-ci, j&rsquo;avais d\u00e9cid\u00e9 de laisser les commentaires sur ce post. J&rsquo;avais juste oubli\u00e9 qu&rsquo;au moment o\u00f9 j&rsquo;ai mis en place le th\u00e8me de ce site (sous WordPress), j&rsquo;avais vir\u00e9 ce qui permettait de faire les commentaires dans les css. Vous \u00eates donc condamn\u00e9s \u00e0 rester des spectateurs silencieux.<br \/>\nEt moi, je suis toujours aussi blonde \ud83d\ude42<\/p>\n","protected":false},"excerpt":{"rendered":"<p>Et c&rsquo;est reparti pour une ann\u00e9e photographique, motarde et&#8230; pour les autres adjectifs, on verra ce que l&rsquo;avenir me r\u00e9servera. En tout cas, je suis &hellip; <\/p>\n","protected":false},"author":1,"featured_media":0,"comment_status":"closed","ping_status":"closed","sticky":false,"template":"","format":"standard","meta":{"footnotes":""},"categories":[5,6],"tags":[],"class_list":["post-1078","post","type-post","status-publish","format-standard","hentry","category-01_moto","category-02_photos","has-meta"],"_links":{"self":[{"href":"https:\/\/titeroute.org\/index.php?rest_route=\/wp\/v2\/posts\/1078","targetHints":{"allow":["GET"]}}],"collection":[{"href":"https:\/\/titeroute.org\/index.php?rest_route=\/wp\/v2\/posts"}],"about":[{"href":"https:\/\/titeroute.org\/index.php?rest_route=\/wp\/v2\/types\/post"}],"author":[{"embeddable":true,"href":"https:\/\/titeroute.org\/index.php?rest_route=\/wp\/v2\/users\/1"}],"replies":[{"embeddable":true,"href":"https:\/\/titeroute.org\/index.php?rest_route=%2Fwp%2Fv2%2Fcomments&post=1078"}],"version-history":[{"count":7,"href":"https:\/\/titeroute.org\/index.php?rest_route=\/wp\/v2\/posts\/1078\/revisions"}],"predecessor-version":[{"id":1082,"href":"https:\/\/titeroute.org\/index.php?rest_route=\/wp\/v2\/posts\/1078\/revisions\/1082"}],"wp:attachment":[{"href":"https:\/\/titeroute.org\/index.php?rest_route=%2Fwp%2Fv2%2Fmedia&parent=1078"}],"wp:term":[{"taxonomy":"category","embeddable":true,"href":"https:\/\/titeroute.org\/index.php?rest_route=%2Fwp%2Fv2%2Fcategories&post=1078"},{"taxonomy":"post_tag","embeddable":true,"href":"https:\/\/titeroute.org\/index.php?rest_route=%2Fwp%2Fv2%2Ftags&post=1078"}],"curies":[{"name":"wp","href":"https:\/\/api.w.org\/{rel}","templated":true}]}}