{"id":13,"date":"2004-01-09T23:48:18","date_gmt":"2004-01-09T21:48:18","guid":{"rendered":"http:\/\/c.montculier.free.fr\/?p=44"},"modified":"2004-01-09T23:48:18","modified_gmt":"2004-01-09T21:48:18","slug":"06-maroc-2004-repos-dans-le-sable","status":"publish","type":"post","link":"https:\/\/titeroute.org\/?p=13","title":{"rendered":"06 &#8211; Maroc 2004 &#8211; Repos dans le sable"},"content":{"rendered":"<p>Jeudi 8 janvier<br \/>\nErg Chebbi<\/p>\n<table align=\"center\">\n<tr>\n<td align=\"center\" valign=\"center\"><a href=\"http:\/\/c.montculier.free.fr\/Moto\/2004-01_Maroc\/Maroc_080.JPG\" rel=\"lightbox[Maroc]\"><br \/>\n<img decoding=\"async\" src=\"http:\/\/c.montculier.free.fr\/Moto\/2004-01_Maroc\/TN_Maroc_080.JPG\" alt=\"Maroc_080.JPG\" \/><br \/>\nDune<br \/>\n<\/a><\/td>\n<\/tr>\n<\/table>\n<p>Aujourd\u2019hui, c\u2019est repos. De toute la journ\u00e9e, je ne toucherai pas \u00e0 la moto. Le matin, lessive pour moi et m\u00e9canique pour Sam qui fait la vidange de ma moto et redresse ma fourche, l\u00e9g\u00e8rement vrill\u00e9e suite \u00e0 ma chute dans le sable juste avant le camping (aurais-je oubli\u00e9 de pr\u00e9ciser que si on n\u2019avait pas fait les derniers m\u00e8tres avant le camping avec Edith, c\u2019est parce qu\u2019on a fait tomber les motos dans le sable ?). A la fin de la matin\u00e9e, Sam, Marc et Edith partent s\u2019essayer aux joies du sable. Moi, je les filme, \u00e7a me suffit. Edith abandonne assez vite, suivie de Sam qui n\u2019aime pas quand \u00e7a glisse. Marc y arrive mieux mais avoue que c\u2019est assez physique.<\/p>\n<table align=\"center\">\n<tr>\n<td align=\"center\" valign=\"center\"><a href=\"http:\/\/c.montculier.free.fr\/Moto\/2004-01_Maroc\/Maroc_081.JPG\" rel=\"lightbox[Maroc]\"><br \/>\n<img decoding=\"async\" src=\"http:\/\/c.montculier.free.fr\/Moto\/2004-01_Maroc\/TN_Maroc_081.JPG\" alt=\"Maroc_081.JPG\" \/><br \/>\nArbres<br \/>\n<\/a><\/td>\n<td align=\"center\" valign=\"center\"><a href=\"http:\/\/c.montculier.free.fr\/Moto\/2004-01_Maroc\/Maroc_082.JPG\" rel=\"lightbox[Maroc]\"><br \/>\n<img decoding=\"async\" src=\"http:\/\/c.montculier.free.fr\/Moto\/2004-01_Maroc\/TN_Maroc_082.JPG\" alt=\"Maroc_082.JPG\" \/><br \/>\nVagues<br \/>\n<\/a><\/td>\n<\/tr>\n<\/table>\n<p>L\u2019endroit o\u00f9 nous sommes, l\u2019Erg Chebbi, est une dune de 40 kilom\u00e8tres de long sur moins d\u2019une dizaine de large, d\u2019un sable qui change de couleur selon la distance et la lumi\u00e8re. Orang\u00e9 de pr\u00e8s, le sable parait jaune ou rose au loin. Autour de l\u2019erg, c\u2019est plat et gris, des cailloux et des dalles rocheuses. Les alentours proche de l\u2019erg sont tellement occup\u00e9s de campings, auberges et h\u00f4tels \u00ab\u00a0typiques\u00a0\u00bb que j\u2019ai l\u2019impression d\u2019\u00eatre dans un parc d\u2019attractions pour touristes. Je n\u2019aime pas plus que \u00e7a.<\/p>\n<table align=\"center\">\n<tr>\n<td align=\"center\" valign=\"center\"><a href=\"http:\/\/c.montculier.free.fr\/Moto\/2004-01_Maroc\/Maroc_085.JPG\" rel=\"lightbox[Maroc]\"><br \/>\n<img decoding=\"async\" src=\"http:\/\/c.montculier.free.fr\/Moto\/2004-01_Maroc\/TN_Maroc_085.JPG\" alt=\"Maroc_085.JPG\" \/><br \/>\nDestination l\u00e0-haut<br \/>\n<\/a><\/td>\n<\/tr>\n<\/table>\n<p>En fin d\u2019apr\u00e8s-midi, Sam insiste pour qu\u2019on aille voir le coucher de soleil en haut de la grande dune. Quoi, tout l\u00e0-haut, loin l\u00e0-bas ? Groumpf !<\/p>\n<table align=\"center\">\n<tr>\n<td align=\"center\" valign=\"center\"><a href=\"http:\/\/c.montculier.free.fr\/Moto\/2004-01_Maroc\/Maroc_086.JPG\" rel=\"lightbox[Maroc]\"><br \/>\n<img decoding=\"async\" src=\"http:\/\/c.montculier.free.fr\/Moto\/2004-01_Maroc\/TN_Maroc_086.JPG\" alt=\"Maroc_086.JPG\" \/><br \/>\nV\u00e9g\u00e9tation <\/a><\/td>\n<td align=\"center\" valign=\"center\"><a href=\"http:\/\/c.montculier.free.fr\/Moto\/2004-01_Maroc\/Maroc_087.JPG\" rel=\"lightbox[Maroc]\"><br \/>\n<img decoding=\"async\" src=\"http:\/\/c.montculier.free.fr\/Moto\/2004-01_Maroc\/TN_Maroc_087.JPG\" alt=\"Maroc_087.JPG\" \/><br \/>\nProfil<br \/>\n<\/a><\/td>\n<\/tr>\n<\/table>\n<p>La mont\u00e9e est dure pour le souffle, le coucher de soleil assez moyen. Mais la descente est fantastique. Je prends mon temps, fais de grands pas lents. Un rythme paisible qui me laisse tout le temps de contempler une dune qui prend des couleurs sublimes et changeantes.<\/p>\n<table align=\"center\">\n<tr>\n<td align=\"center\" valign=\"center\"><a href=\"http:\/\/c.montculier.free.fr\/Moto\/2004-01_Maroc\/Maroc_088.JPG\" rel=\"lightbox[Maroc]\"><br \/>\n<img decoding=\"async\" src=\"http:\/\/c.montculier.free.fr\/Moto\/2004-01_Maroc\/TN_Maroc_088.JPG\" alt=\"Maroc_088.JPG\" \/><br \/>\nRos\u00e9<br \/>\n<\/a><\/td>\n<td align=\"center\" valign=\"center\"><a href=\"http:\/\/c.montculier.free.fr\/Moto\/2004-01_Maroc\/Maroc_089.JPG\" rel=\"lightbox[Maroc]\"><br \/>\n<img decoding=\"async\" src=\"http:\/\/c.montculier.free.fr\/Moto\/2004-01_Maroc\/TN_Maroc_089.JPG\" alt=\"Maroc_089.JPG\" \/><br \/>\nOrang\u00e9<br \/>\n<\/a><\/td>\n<\/tr>\n<\/table>\n<p>Durant toute la mont\u00e9e, Driss, un des employ\u00e9s du camping, nous a accompagn\u00e9s, Sam et moi, suivi d\u2019un deuxi\u00e8me Marocain. Ils ont \u00e9t\u00e9 tous les deux d\u2019une agr\u00e9able compagnie, ils nous ont expliqu\u00e9 des tas de choses sur les dunes et les animaux qui vivent ici. Mais juste avant de rentrer au camping, \u00e7a n\u2019a pas manqu\u00e9 et nous avons eu droit \u00e0 l\u2019in\u00e9vitable d\u00e9ballage de fossiles du d\u00e9sert \u00ab\u00a0pas cher, je te fais un prix d\u2019amis\u00a0\u00bb par le deuxi\u00e8me Marocain. Ca fait deux heures qu\u2019il nous accompagne juste pour nous vendre ses babioles !! Toujours cette relation int\u00e9ress\u00e9e o\u00f9 on essaye de nous refourguer quelque chose dont nous ne voulons pas. Fatiguant \u00e0 force.<\/p>\n<p>Nous d\u00eenons \u00e0 Merzouga, dans un boui-boui o\u00f9 le patron va acheter \u00e0 l\u2019\u00e9picerie d\u2019\u00e0 c\u00f4t\u00e9 les ingr\u00e9dients n\u00e9cessaires \u00e0 notre repas. L\u2019omelette berb\u00e8re est excellente. La carte aussi. Elle nous fera bien rigoler pendant un quart d\u2019heure, avec ses \u00ab\u00a0brouchettes-frettes\u00a0\u00bb, \u00ab\u00a0lait choud ou froit\u00a0\u00bb, \u00ab\u00a0pitza\u00a0\u00bb, \u00ab\u00a0desert\u00a0\u00bb, \u00ab\u00a0omlette\u00a0\u00bb et surtout ses \u00ab\u00a0monades\u00a0\u00bb. Cela nous a laiss\u00e9 perplexe quelques instants avant que l\u2019un comprennne. Li monades&#8230; Revu sur une carte dans un autre restaurant au cours de notre p\u00e9riple.<\/p>\n<p>Au retour, \u00e0 pied, dans le noir, nous avons du mal \u00e0 trouver le camping et manquons de nous perdre. Le GPS, finalement, c\u2019est bien pratique, m\u00eame \u00e0 pied&#8230;<\/p>\n<p>Vendredi 9 janvier<br \/>\nErg Chebbi<\/p>\n<p>La nuit est tranquille, il faut plus chaud que la veille. Au matin, Sam ne va pas tr\u00e8s bien et met longtemps \u00e0 se lever. L\u2019ambiance est parfois tendue entre nous deux, et entre nous et Marc. Il n\u2019est pas super enthousiasm\u00e9 par notre voyage jusqu\u2019\u00e0 pr\u00e9sent et il ne se sent pas super bien sur la moto. Tout cela ne contribue pas \u00e0 un moral d\u2019enfer. Quand il est debout, il part retenter le sable avec Marc mais je le vois revenir tr\u00e8s rapidement, d\u00e9goulinant de sueur et avec mal au cr\u00e2ne. Je trouve que son casque lui laisse une grosse marque sur le front. Normal, il s\u2019est plant\u00e9 et a pris mon casque au lieu du sien. S\u00fbr que le XS au lieu du M a d\u00fb le serrer un peu !<\/p>\n<p>Au camping, nous discutons avec Pierre, un Fran\u00e7ais en camionnette qui revient du Mali, du S\u00e9n\u00e9gal et de la Mauritanie. Il nous raconte la travers\u00e9e de la Mauritanie, en convois, avec trois dunes de 25 kilom\u00e8tres de sable \u00e0 passer. Il nous parle du passage de la douane qui parait-il n\u2019est pas simple et est surtout cher. Et de l\u2019interdiction d\u2019entr\u00e9e au S\u00e9n\u00e9gal pour les v\u00e9hicules de plus de cinq ans. Autant d\u2019\u00e9l\u00e9ments qui nous refroidissent pour le projet de rallier Dakar. L\u2019id\u00e9e de faire le Maroc bien plut\u00f4t que l\u2019aller-retour \u00e0 Dakar mal fait doucement son chemin. De plus, nous sommes un peu juste en temps. Sam a du mal \u00e0 l\u00e2cher l\u2019id\u00e9e d\u2019aller sur le lac Rose et parle \u00e9ventuellement de louer un 4&#215;4 juste pour faire Dachla-Dakar.<\/p>\n<p>Dans l\u2019apr\u00e8s-midi, nous partons pour Rissani. D\u00e9jeuner moyen dans un petit restaurant, puis deux heures pass\u00e9es dans un cyber-caf\u00e9 pour mettre \u00e0 jour le site. Un Marocain qui voulait nous faire visiter la boutique de son cousin et \u00e0 qui Marc a eu la mauvaise id\u00e9e de r\u00e9pondre \u00ab\u00a0plus tard\u00a0\u00bb nous attend pendant ces deux heures et nous insulte \u00e0 notre sortie du cyber-caf\u00e9, quand nous refusons de le suivre. Ambiance&#8230; La nuit tombe et nous n\u2019avons rien vu de la ville. Visite du souk. A peine sommes nous rentr\u00e9s qu\u2019un poisson-pilote vient se coller \u00e0 nous. Il ne l\u00e2chera pas Sam (qui ne sait pas comment s\u2019en d\u00e9faire), lui parlant de tout et de rien, de sa collection de timbres, de sa m\u00e8re sage-femme, et autres. Dans le souk, il y a assez peu de boutiques ouvertes, car on est vendredi : l\u00e9gumes, fruits, \u00e9pices, quelques v\u00eatements. Je vois des djellabah qui me plaisent mais Sam me fait presser le pas. Nous faisons quelques courses puis retour aux motos. L\u00e0, tout un attroupement autour de nous d\u2019enfants qui r\u00e9clament et d\u2019adultes qui nous observent comme des b\u00eates curieuses me fait p\u00e9ter les plombs. Je les interpelle violemment, Sam me calme, nous partons. Retour au camping.<\/p>\n","protected":false},"excerpt":{"rendered":"<p>Jeudi 8 janvier Erg Chebbi Dune Aujourd\u2019hui, c\u2019est repos. De toute la journ\u00e9e, je ne toucherai pas \u00e0 la moto. Le matin, lessive pour moi &hellip; <\/p>\n","protected":false},"author":1,"featured_media":0,"comment_status":"closed","ping_status":"closed","sticky":false,"template":"","format":"standard","meta":{"footnotes":""},"categories":[9,5,8],"tags":[],"class_list":["post-13","post","type-post","status-publish","format-standard","hentry","category-maroc-2004","category-01_moto","category-un-peu-dair-pur","has-meta"],"_links":{"self":[{"href":"https:\/\/titeroute.org\/index.php?rest_route=\/wp\/v2\/posts\/13","targetHints":{"allow":["GET"]}}],"collection":[{"href":"https:\/\/titeroute.org\/index.php?rest_route=\/wp\/v2\/posts"}],"about":[{"href":"https:\/\/titeroute.org\/index.php?rest_route=\/wp\/v2\/types\/post"}],"author":[{"embeddable":true,"href":"https:\/\/titeroute.org\/index.php?rest_route=\/wp\/v2\/users\/1"}],"replies":[{"embeddable":true,"href":"https:\/\/titeroute.org\/index.php?rest_route=%2Fwp%2Fv2%2Fcomments&post=13"}],"version-history":[{"count":0,"href":"https:\/\/titeroute.org\/index.php?rest_route=\/wp\/v2\/posts\/13\/revisions"}],"wp:attachment":[{"href":"https:\/\/titeroute.org\/index.php?rest_route=%2Fwp%2Fv2%2Fmedia&parent=13"}],"wp:term":[{"taxonomy":"category","embeddable":true,"href":"https:\/\/titeroute.org\/index.php?rest_route=%2Fwp%2Fv2%2Fcategories&post=13"},{"taxonomy":"post_tag","embeddable":true,"href":"https:\/\/titeroute.org\/index.php?rest_route=%2Fwp%2Fv2%2Ftags&post=13"}],"curies":[{"name":"wp","href":"https:\/\/api.w.org\/{rel}","templated":true}]}}