{"id":1577,"date":"2012-09-25T12:06:27","date_gmt":"2012-09-25T10:06:27","guid":{"rendered":"http:\/\/titeroute.org\/?p=1577"},"modified":"2013-05-17T07:58:55","modified_gmt":"2013-05-17T05:58:55","slug":"les-pilotes-du-team-vtsc-marie-n205","status":"publish","type":"post","link":"https:\/\/titeroute.org\/?p=1577","title":{"rendered":"Les pilotes du team VTSC : Marie &#8211; n\u00b0205"},"content":{"rendered":"<p>La petite derni\u00e8re inscrite au Moto Tour de notre \u00e9quipe, c\u2019est Marie, alias Marinette. Honneur aux demoiselles, c\u2019est elle qui inaugure la s\u00e9rie de portraits des cinq pilotes du team VTSC.<br \/>\nMarie va apporter sa touche de f\u00e9minit\u00e9 au team&#8230;<br \/>\n<img decoding=\"async\" alt=\"\" src=\"https:\/\/lh3.googleusercontent.com\/-I-6j0nCnVKk\/UEUfRXGJYMI\/AAAAAAAAGlo\/6NRqVRngEVI\/s500\/A700-01299_1.jpg\" \/><br \/>\nOu pas ! Parce qu&rsquo;elle n\u2019a pas peur de mettre les mains dans le cambouis, quand il faut faire une vidange ou changer un pneu.<br \/>\n<img decoding=\"async\" alt=\"\" src=\"https:\/\/lh3.googleusercontent.com\/-srSGNmPLCyI\/UEUfR0jSCSI\/AAAAAAAAGls\/lz62ELtYAU0\/s500\/Mains.jpg\" \/><\/p>\n<p>Quelques questions pour mieux la conna\u00eetre :<\/p>\n<p><strong>Depuis quand et surtout pourquoi fais-tu de la moto ?<\/strong><br \/>\nOfficiellement, j\u2019ai le permis depuis 2005 mais cela ne fait que 4 ans que je roule r\u00e9guli\u00e8rement. La moto est une passion qui m\u2019offre un avantage incroyable : me d\u00e9connecter de tout. Elle me permet de d\u00e9couvrir avec Cyril des paysages splendides, de rencontrer des amis et de me d\u00e9passer.<\/p>\n<p><strong>Quelles sont tes exp\u00e9riences marquantes ?<\/strong><br \/>\nToutes les balades que j\u2019ai pu faire sont ponctu\u00e9es d\u2019anecdotes m\u00e9morables mais je crois que le tout premier fait marquant dans le monde de la moto n\u2019est pas en moto : quand j\u2019ai recherch\u00e9 un stage pour mes \u00e9tudes, une seule personne m\u2019a ouvert les portes de son commerce en me disant, \u00ab c\u2019est g\u00e9nial, viens quand tu veux ! \u00bb. C\u2019\u00e9tait Eric, de Dafy Dijon, qui m\u2019a fait go\u00fbter \u00e0 la potion magique motarde.<br \/>\nIl y a aussi eu le voyage en Slov\u00e9nie. Quand nous nous sommes dit avec Cyril \u00ab Destination Ljubljana \u00bb il fallait une petite dose de courage ou d\u2019inconscience. La travers\u00e9e des Alpes \u00e9tait aussi excitante \u00e0 organiser qu\u2019\u00e0 vivre et nous avons pass\u00e9 des moments qui resteront grav\u00e9s \u00e0 vie dans nos m\u00e9moires. Comme l\u2019arriv\u00e9e \u00e0 une ferme-auberge slov\u00e8ne en fin de journ\u00e9e, apr\u00e8s trois journ\u00e9es et 1200 km de petites routes et de flotte dans les pattes : les propri\u00e9taires nous attendaient avec rillette et verre de liqueur, faits maison bien s\u00fbr, pour nous mettre dans l\u2019ambiance. On se serait cru dans les bronz\u00e9s font du ski. Je crois que c\u2019est ce que je pr\u00e9f\u00e8re dans la moto : c\u2019est une machine \u00e0 fabriquer des sensations et des souvenirs incroyables permettant de profiter de tous les instants qu\u2019offre la vie. Cerise sur le g\u00e2teau, j\u2019ai cette chance \u00e9norme de pouvoir les vivre avec Cyril.<\/p>\n<p><img decoding=\"async\" alt=\"\" src=\"https:\/\/lh6.googleusercontent.com\/-G6_nYcglOd4\/UEZw3tapeWI\/AAAAAAAAGoU\/d09p3WNrPd4\/s500\/Sieste_1.jpg\" \/><br \/>\nLe meilleur moment dans une balade moto, c&rsquo;est la sieste.<\/p>\n<p><strong>Et au niveau rallye ?<\/strong><br \/>\nCette ann\u00e9e, j\u2019ai particip\u00e9 \u00e0 mon tout premier rallye moto, celui de l\u2019Ain. La tension \u00e9tait palpable et il fallait me prendre avec des pincettes, mais j\u2019ai pass\u00e9 un super week-end. Avec en plus un classement pas trop mauvais pour un premier rallye. Bon je me dis que j\u2019ai rat\u00e9 tel d\u00e9part, qu\u2019il aurait fallu passer tel ou tel virage sur telle trajectoire, je me suis demand\u00e9 tout le temps si j\u2019avais point\u00e9 dans la bonne minute. Mais ce qui est g\u00e9nial, c\u2019est de discuter avec tout le monde. Le matin, on part sans conna\u00eetre forc\u00e9ment les autres concurrents et en fin de week-end, on partage tous l\u2019ap\u00e9ro en discutant du prochain rallye qui nous permettra de nous retrouver. Je n\u2019ai jamais v\u00e9cu une telle ambiance dans d\u2019autres comp\u00e9titions sportives.<br \/>\n<img decoding=\"async\" alt=\"\" src=\"https:\/\/lh4.googleusercontent.com\/-FZfmcx0baUs\/UEUfRycznLI\/AAAAAAAAGlw\/OkJnSk8jv1M\/s500\/Marie-Ain.jpg\" \/><br \/>\n(photo Guillaume Leprince)<\/p>\n<p><strong>Dans l&rsquo;\u00e9quipe, tu es la derni\u00e8re inscrite au moto tour, car au d\u00e9part de l\u2019aventure du team VTSC, il n&rsquo;\u00e9tait pas pr\u00e9vu que tu viennes. Pourquoi ce changement, qu&rsquo;est-ce qui t&rsquo;a d\u00e9cid\u00e9 \u00e0 venir toi aussi ?<\/strong><br \/>\nC\u2019est justement ce week-end rallye de l\u2019Ain qui m\u2019a d\u00e9cid\u00e9 \u00e0 participer au DDMT. Depuis que je fais de la moto, je regarde les vid\u00e9os et les articles sur le DDMT en me disant que cette aventure doit \u00eatre incroyable \u00e0 vivre mais impossible pour moi, trop difficile pour la pilote que je suis, trop ch\u00e8re. Quand l\u2019\u00e9quipe a commenc\u00e9 \u00e0 prendre forme, cela me faisait de plus en plus envie\u2026 Gr\u00e2ce au rallye de l\u2019Ain, j\u2019ai pu me rendre compte de ce que pourrait \u00eatre une participation au DDMT. Les conditions optimales de cette ann\u00e9e ne se reproduiront sans doute plus : disponibilit\u00e9 de temps, d\u2019argent, d\u2019\u00e9nergie \u00e0 consacrer \u00e0 ce projet, des assistants qui acceptent de nous aider durant ces 10 jours, des amis qui peuvent vivre avec moi ce d\u00e9fi et surtout c\u2019est le dixi\u00e8me anniversaire du DDMT qui s\u2019annonce incroyable. Il \u00e9tait hors de question de laisser passer cette chance !<\/p>\n<p><img decoding=\"async\" alt=\"\" src=\"https:\/\/lh3.googleusercontent.com\/-Jiyl5HRLWMQ\/T-hcGesSloI\/AAAAAAAAECk\/d3S7rYooZxI\/s500\/NEX-01818.jpg\" \/><\/p>\n<p><strong>Quels sont tes objectifs pour ce rallye ? Dans quel \u00e9tat d&rsquo;esprit y vas-tu ?<\/strong><br \/>\nMon tout premier objectif est de pouvoir me dire \u00e0 l\u2019arriv\u00e9e tr\u00e8s simplement \u00ab je l\u2019ai fait !\u00bb. En 8 jours et 3 000km, beaucoup de choses peuvent survenir, je souhaite avant tout me faire plaisir et arriver \u00e0 Toulon sur ma moto. Il va falloir g\u00e9rer la fatigue, le road book, les chronos sur le routier mais aussi sur les sp\u00e9ciales quels que soient le temps et l\u2019\u00e9tat des routes, les gal\u00e8res que l\u2019on va forcement rencontrer\u2026<br \/>\nNous sommes presque 220 partants donc atteindre le milieu de tableau pour une premi\u00e8re participation avec mon manque d\u2019exp\u00e9rience me satisferait. Cependant mon esprit de comp\u00e9tition est bien pr\u00e9sent pour me faire viser un podium en classement f\u00e9minin !<\/p>\n<p><img decoding=\"async\" alt=\"\" src=\"https:\/\/lh4.googleusercontent.com\/-hAlc9u0rjrw\/UEUfSm3zVdI\/AAAAAAAAGl8\/ku-yKxaJXLg\/s500\/NEX-01999_1.jpg\" \/><\/p>\n<p><strong>Parle-nous un peu de ta moto : pourquoi celle-l\u00e0 ? Depuis combien de temps l\u2019as-tu ?<\/strong><br \/>\nMa moto est une KTM 690 Duke, 4i\u00e8me du nom, que j\u2019ai depuis mars de cette ann\u00e9e. KTM est une marque qui m\u2019attirait depuis un moment car je vois d\u00e9filer leurs motos dans le garage depuis que je connais Cyril. Apr\u00e8s avoir go\u00fbt\u00e9 4 cylindres, puis 3, puis 2, j\u2019ai d\u00e9cid\u00e9 de tester le monocylindre \u00e0 la fa\u00e7on autrichienne. Il fallait juste une moto qui me permette d\u2019avoir les deux pieds au sol. Pour moi, cette moto a \u00e9norm\u00e9ment de qualit\u00e9s, peu de d\u00e9fauts. Et avant tout, elle me donne le sourire d\u00e8s je monte dessus, qui ne s\u2019en va qu\u2019au moment o\u00f9 je la rentre dans le garage.<\/p>\n<p><img decoding=\"async\" alt=\"\" src=\"https:\/\/lh4.googleusercontent.com\/-H4vok3JOPho\/UEZw3zeOLQI\/AAAAAAAAGoY\/91Svz5JaWks\/s500\/ma_moto_de_remplacement_1.jpg\" \/><br \/>\nLa moto de remplacement en cas de souci sur la Duke<\/p>\n<p><strong>Comment penses-tu que la semaine va se d\u00e9rouler ?<\/strong><br \/>\nEntre ce que j\u2019imagine et la r\u00e9alit\u00e9 de ce que nous allons vivre durant une semaine, il y aura beaucoup de diff\u00e9rences, alors j\u2019essaye de ne pas me faire d\u2019id\u00e9es. Me pr\u00e9parer au mieux mat\u00e9riellement et physiquement pour pouvoir en profiter au maximum !<\/p>\n<p><strong>Est-ce que tu connais bien les autres membres de l&rsquo;\u00e9quipe ?<\/strong><br \/>\nIl y en un que je connais plus que bien mais je ne dirais pas qui&#8230; !<br \/>\nJe connais bien Beno\u00eet, qui habite \u00e0 50 km de chez nous et avec qui nous avons partag\u00e9 pas mal de routes. S\u00e9bastien, je l\u2019ai rencontr\u00e9 il y a deux ans lors d\u2019un week-end de balade dans le jura et Jean-Marc&#8230; et bien cette ann\u00e9e au mois de juin ! C\u2019est ce qui est super avec le monde de la moto, rassembler pleins de profils diff\u00e9rents qui ont le m\u00eame objectif : participer au DDMT.<\/p>\n<p><strong>Est-ce qu&rsquo;il y a des choses dont tu voudrais parler en plus ?<\/strong><br \/>\nJe crois que j\u2019ai d\u00e9j\u00e0 fait assez fait ma pipelette, donc rendez-vous en octobre !<\/p>\n","protected":false},"excerpt":{"rendered":"<p>La petite derni\u00e8re inscrite au Moto Tour de notre \u00e9quipe, c\u2019est Marie, alias Marinette. Honneur aux demoiselles, c\u2019est elle qui inaugure la s\u00e9rie de portraits des cinq pilotes du team VTSC.<\/p>\n","protected":false},"author":1,"featured_media":1614,"comment_status":"closed","ping_status":"closed","sticky":false,"template":"","format":"standard","meta":{"footnotes":""},"categories":[5,15],"tags":[],"class_list":["post-1577","post","type-post","status-publish","format-standard","has-post-thumbnail","hentry","category-01_moto","category-rallyes-routiers","has-meta"],"_links":{"self":[{"href":"https:\/\/titeroute.org\/index.php?rest_route=\/wp\/v2\/posts\/1577","targetHints":{"allow":["GET"]}}],"collection":[{"href":"https:\/\/titeroute.org\/index.php?rest_route=\/wp\/v2\/posts"}],"about":[{"href":"https:\/\/titeroute.org\/index.php?rest_route=\/wp\/v2\/types\/post"}],"author":[{"embeddable":true,"href":"https:\/\/titeroute.org\/index.php?rest_route=\/wp\/v2\/users\/1"}],"replies":[{"embeddable":true,"href":"https:\/\/titeroute.org\/index.php?rest_route=%2Fwp%2Fv2%2Fcomments&post=1577"}],"version-history":[{"count":4,"href":"https:\/\/titeroute.org\/index.php?rest_route=\/wp\/v2\/posts\/1577\/revisions"}],"predecessor-version":[{"id":1615,"href":"https:\/\/titeroute.org\/index.php?rest_route=\/wp\/v2\/posts\/1577\/revisions\/1615"}],"wp:featuredmedia":[{"embeddable":true,"href":"https:\/\/titeroute.org\/index.php?rest_route=\/wp\/v2\/media\/1614"}],"wp:attachment":[{"href":"https:\/\/titeroute.org\/index.php?rest_route=%2Fwp%2Fv2%2Fmedia&parent=1577"}],"wp:term":[{"taxonomy":"category","embeddable":true,"href":"https:\/\/titeroute.org\/index.php?rest_route=%2Fwp%2Fv2%2Fcategories&post=1577"},{"taxonomy":"post_tag","embeddable":true,"href":"https:\/\/titeroute.org\/index.php?rest_route=%2Fwp%2Fv2%2Ftags&post=1577"}],"curies":[{"name":"wp","href":"https:\/\/api.w.org\/{rel}","templated":true}]}}