{"id":1622,"date":"2012-09-25T15:08:00","date_gmt":"2012-09-25T13:08:00","guid":{"rendered":"http:\/\/titeroute.org\/?p=1622"},"modified":"2013-05-17T08:20:50","modified_gmt":"2013-05-17T06:20:50","slug":"les-pilotes-du-team-vtsc-benoit-n230","status":"publish","type":"post","link":"https:\/\/titeroute.org\/?p=1622","title":{"rendered":"Les pilotes du team VTSC : Beno\u00eet &#8211; n\u00b0230"},"content":{"rendered":"<p>Beno\u00eet, du haut de ses 26 ans, c\u2019est le benjamin de l\u2019\u00e9quipe comme ne l&rsquo;indique pas son pseudo, perenoel. Mais ce n&rsquo;est pas forc\u00e9ment le moins ambitieux, m\u00eame si les m\u00e9thodes pour arriver \u00e0 ses fins peuvent sembler&#8230; particuli\u00e8res !<br \/>\nPortrait d&rsquo;un motard un peu casse-cou, un peu bricoleur, un peu beaucoup marrant.<br \/>\n<img decoding=\"async\" src=\"https:\/\/lh4.googleusercontent.com\/-nWG7drgD4Ps\/UE-uoSiDYvI\/AAAAAAAAGxQ\/MAQFM4_tTQo\/s750\/benoit1.jpg\"><\/img><\/p>\n<p><strong>Quand as-tu commenc\u00e9 la moto?<\/strong><br \/>\nJe fais du deux roues (scooteur) depuis mes 14 ans, il faut bien se d\u00e9placer pour aller bosser. J\u2019ai pass\u00e9 le permis A \u00e0 19 ans, juste apr\u00e8s le B, en 2005, tout naturellement pour \u00e9tancher ma soif d\u2019adr\u00e9naline \u00e0 d\u00e9faut d\u2019autres sports extr\u00eames.<\/p>\n<p><strong>C\u2019est-\u00e0-dire ? Qu\u2019as-tu fait comme sports et pourquoi as-tu arr\u00eat\u00e9 ?<\/strong><br \/>\nJ\u2019ai fait dix ans de skateboard, du snowboard, du montainboard (mixte en snow et skate) et un peu de kayak en eau vive.<br \/>\n<img decoding=\"async\" src=\"https:\/\/lh5.googleusercontent.com\/-vbEol-SZ7bQ\/UE-uoyBSS-I\/AAAAAAAAGxU\/gBP19q-0kCA\/s750\/benoit2.jpg\"><\/img><br \/>\nDe toute fa\u00e7on, je suis attir\u00e9 par tout ce qui est dangereux. Je me suis beaucoup bless\u00e9 en skate (une dizaine d\u2019entorses et de fractures) et comme ma carte de fid\u00e9lit\u00e9 au CHU a expir\u00e9, je suis contraint d\u2019arr\u00eater. En remplacement, la moto est un peu le mixte parfait de ce que j\u2019aime : voyager, glisser et me faire quelques mont\u00e9es d\u2019adr\u00e9naline.<\/p>\n<p><strong>Quelles sont tes exp\u00e9riences marquantes ?<\/strong><br \/>\nEn premier, mes cascades! Par chance, contraitement au skate, je ne me suis jamais bless\u00e9 en moto et pourtant c\u2019est pas faute d\u2019essayer. Je m\u2019en sors bien mais on ne peut pas en dire autant de mes motos. D\u2019ailleurs c\u2019est un peu pour \u00e7a que je ne roule plus qu\u2019en supermotard : moins fragile et r\u00e9parable \u00e0 moindre co\u00fbt.<br \/>\n<img decoding=\"async\" src=\"https:\/\/lh3.googleusercontent.com\/-SRcfY8Njut0\/UE-unzyIQ8I\/AAAAAAAAGxI\/_nuQF6NOQg0\/s750\/Benoit.JPG\"><\/img><br \/>\nMais il n\u2019y a pas que les chutes dans la vie, il y a aussi quelques grands voyages en moto, comme la Corse et la Slov\u00e9nie avec Cyril et Marie. J\u2019ai touch\u00e9 aussi \u00e0 la comp\u00e9tition, d\u2019abord en Endurance racing twin pendant les week-ends WERC. Puis maintenant avec les rallyes depuis 2010, ma nouvelle passion. J\u2019adore, il y a une ambiance que je n\u2019ai jamais retrouve\u00e9e dans une autre discipline, surtout la nuit. J\u2019ai particuli\u00e8rement appr\u00e9ci\u00e9 le Sun rallye l\u2019an dernier : des sp\u00e9ciales bien longues, un routier vraiment compliqu\u00e9 et usant.<\/p>\n<p><strong>Quels sont tes objectifs pour ce Moto Tour ?<\/strong><br \/>\nBen gagner bien s\u00fbr ! Je sais tr\u00e8s bien qu\u2019\u00e0 la loyale je n\u2019ai aucune chance donc j\u2019ai un plan machiav\u00e9lique : laxatif pour les autres pilotes et j\u2019ai promis une r\u00e9compense \u00e0 ceux qui feront quelques attaques suicide lors des \u00e9preuves sur piste, promesse que je ne tiendrai pas bien entendu ! (rire&#8230; ou pas)<br \/>\nPlus s\u00e9rieusement, j\u2019ai vraiment envie d\u2019\u00eatre bien class\u00e9 (ego oblige). Il y a aussi la course dans la course avec les copain(e)s. Pour l\u2019\u00e9tat d\u2019esprit, je pars plut\u00f4t tranquille car c\u2019est quand m\u00eame mes seules vacances de l\u2019ann\u00e9e. Je compte aussi sur nos soir\u00e9es. Entre pilotes et assistants, je vous garantis qu\u2019il y aura de l\u2019ambiance.<\/p>\n<p><strong>Avec quelle moto vas-tu courir ?<\/strong><br \/>\nUn 690 SMR de 2008 : j\u2019ai toujours eu envie d\u2019un KTM depuis que j\u2019ai le permis. L\u2019ancien propri\u00e9taire, un bon ami, a d\u00fb s\u2019en s\u00e9parer pour cause de sant\u00e9. Je n\u2019ai pas r\u00e9fl\u00e9chi plus de 10 secondes. C\u2019est une bonne moto, fiable (enfin pour l\u2019instant) avec un bon ch\u00e2ssis et un moteur \u00e0 sensations apr\u00e8s la petite pr\u00e9pa qui va bien.<br \/>\n<img decoding=\"async\" src=\"https:\/\/lh4.googleusercontent.com\/-kztuqSZvgmM\/UE-upTXrNNI\/AAAAAAAAGxc\/hQJyhhRGA-w\/s750\/benoit3.JPG\"><\/img><\/p>\n<p><strong>On a vu passer sur le mur Facebook du team une photo de toi dans une remorque ferm\u00e9e avec la mention \u00ab\u00c7a a du bon un menuisier dans une \u00e9quipe\u00bb. C\u2019est quoi cette remorque ?<\/strong><br \/>\nExit mon camion, voici ma nouvelle gar\u00e7onni\u00e8re. Je suis assez fain\u00e9ant donc monter et d\u00e9monter une tente, refaire mon sac tous les jours, ce n\u2019est pas pour moi lors d\u2019un \u00e9v\u00e9nement comme le Moto Tour. S\u2019il pleut ou s\u2019il fait froid, je serai s\u00fbr de bien dormir. Et c\u2019est un lieux de stockage de plus pour tout le bordel que l\u2019on devra emporter.<br \/>\n<img decoding=\"async\" src=\"https:\/\/lh6.googleusercontent.com\/-pS8dxt_Oaiw\/UE-uoe5R7bI\/AAAAAAAAGxM\/emBF8KbpGC8\/s750\/Benoit5.jpg\"><\/img><\/p>\n<p><strong>Comment penses-tu que la semaine va se d\u00e9rouler ?<\/strong><br \/>\nMal. C\u2019est pour \u00e7a que je me suis inscrit.<\/p>\n<p><strong>Est-ce que tu connais bien les autres membres de l&rsquo;\u00e9quipe ?<\/strong><br \/>\nJe roule quasiment tout le temps avec Cyril et Marie. Jean-Marc, je l\u2019ai vu seulement trois fois mais c\u2019est d\u00e9j\u00e0 un bon ami. Avec S\u00e9b, on se voit une a deux fois tous les ans depuis quatre ans environ pour de grosses balades ou des rallyes.<br \/>\nPar contre je ne connais pas du tout les assistants ou alors je ne les ai vus qu\u2019une fois. Mais je n\u2019ai pas de doute sur notre bonne entente. Comme on dit, les amis de mes amis sont mes amis. Encore un vrai grand merci \u00e0 eux pour leur d\u00e9vouement.<br \/>\n<img decoding=\"async\" src=\"https:\/\/lh3.googleusercontent.com\/-IYtLVTLa2Pg\/UE-uqMdH6OI\/AAAAAAAAGxo\/ZzHTVyBK_n8\/s750\/benoit4.jpg\"><\/img><\/p>\n","protected":false},"excerpt":{"rendered":"<p>Beno\u00eet, du haut de ses 26 ans, c\u2019est le benjamin de l\u2019\u00e9quipe comme ne l&rsquo;indique pas son pseudo, perenoel. Mais ce n&rsquo;est pas forc\u00e9ment le moins ambitieux, m\u00eame si les m\u00e9thodes pour arriver \u00e0 ses fins peuvent sembler&#8230; particuli\u00e8res !<br \/>\nPortrait d&rsquo;un motard un peu casse-cou, un peu bricoleur, un peu beaucoup marrant.<\/p>\n","protected":false},"author":1,"featured_media":1624,"comment_status":"closed","ping_status":"closed","sticky":false,"template":"","format":"standard","meta":{"footnotes":""},"categories":[5,15],"tags":[],"class_list":["post-1622","post","type-post","status-publish","format-standard","has-post-thumbnail","hentry","category-01_moto","category-rallyes-routiers","has-meta"],"_links":{"self":[{"href":"https:\/\/titeroute.org\/index.php?rest_route=\/wp\/v2\/posts\/1622","targetHints":{"allow":["GET"]}}],"collection":[{"href":"https:\/\/titeroute.org\/index.php?rest_route=\/wp\/v2\/posts"}],"about":[{"href":"https:\/\/titeroute.org\/index.php?rest_route=\/wp\/v2\/types\/post"}],"author":[{"embeddable":true,"href":"https:\/\/titeroute.org\/index.php?rest_route=\/wp\/v2\/users\/1"}],"replies":[{"embeddable":true,"href":"https:\/\/titeroute.org\/index.php?rest_route=%2Fwp%2Fv2%2Fcomments&post=1622"}],"version-history":[{"count":3,"href":"https:\/\/titeroute.org\/index.php?rest_route=\/wp\/v2\/posts\/1622\/revisions"}],"predecessor-version":[{"id":1631,"href":"https:\/\/titeroute.org\/index.php?rest_route=\/wp\/v2\/posts\/1622\/revisions\/1631"}],"wp:featuredmedia":[{"embeddable":true,"href":"https:\/\/titeroute.org\/index.php?rest_route=\/wp\/v2\/media\/1624"}],"wp:attachment":[{"href":"https:\/\/titeroute.org\/index.php?rest_route=%2Fwp%2Fv2%2Fmedia&parent=1622"}],"wp:term":[{"taxonomy":"category","embeddable":true,"href":"https:\/\/titeroute.org\/index.php?rest_route=%2Fwp%2Fv2%2Fcategories&post=1622"},{"taxonomy":"post_tag","embeddable":true,"href":"https:\/\/titeroute.org\/index.php?rest_route=%2Fwp%2Fv2%2Ftags&post=1622"}],"curies":[{"name":"wp","href":"https:\/\/api.w.org\/{rel}","templated":true}]}}