{"id":1626,"date":"2012-09-25T12:13:54","date_gmt":"2012-09-25T10:13:54","guid":{"rendered":"http:\/\/titeroute.org\/?p=1626"},"modified":"2013-05-17T08:20:38","modified_gmt":"2013-05-17T06:20:38","slug":"les-pilotes-du-team-vtsc-cyril-n232","status":"publish","type":"post","link":"https:\/\/titeroute.org\/?p=1626","title":{"rendered":"Les pilotes du team VTSC : Cyril &#8211; n\u00b0232"},"content":{"rendered":"<p>On attaque la suite des portraits des pilotes avec celui de Cyril, alias Ponpon.<br \/>\n<img decoding=\"async\" src=\"https:\/\/lh3.googleusercontent.com\/-3e3SAaCdd2c\/UEtZ0vtJ9EI\/AAAAAAAAGuc\/8_qIkpgQALE\/s750\/A700-01301_1.jpg\"><\/img><br \/>\nCyril, c\u2019est le grand du groupe, calme en apparence mais qui bouillonne \u00e0 l\u2019int\u00e9rieur. Souriant, attentif aux autres, toujours partant pour organiser une balade ou un week-end, c\u2019est aussi un fana de la marque KTM. Logique qu\u2019il embarque dans l\u2019aventure au guidon d\u2019une Duke.<br \/>\n<img decoding=\"async\" src=\"https:\/\/lh3.googleusercontent.com\/-ct1dhX2pXyc\/UEtZ0Lnz3pI\/AAAAAAAAGuU\/G3MD6Zn4jMw\/s750\/318224_364335273615216_100001162405918_895083_2053096440_n.jpg\"><\/img><br \/>\n<em>Photo Guillaume Leprince<\/em><\/p>\n<p><strong>Depuis quand et surtout pourquoi fais-tu de la moto ?<\/strong><br \/>\nCela fait cinq ans tout pile que je fais de la moto (septembre 2007) et m\u00eame si j\u2019ai pass\u00e9 mon permis sur le tard \u00e0 cause du travail, j\u2019ai toujours r\u00eav\u00e9 d\u2019en faire. La moto pour moi, c\u2019est le voyage, les petites routes bucoliques de France et d\u2019ailleurs, les copains, la nature (si si)\u2026 On ne voyage pas de la m\u00eame mani\u00e8re en deux roues qu\u2019\u00e0 quatre. J\u2019ai du mal \u00e0 partir en vacances autrement. Heureusement j\u2019ai la chance de pouvoir partager \u00e7a avec Marie.<\/p>\n<p><strong>Marie nous a parl\u00e9 de votre trip en Slov\u00e9nie. Est-ce que c\u2019est aussi un voyage qui t\u2019a marqu\u00e9 et as-tu d\u2019autres souvenirs particuliers avec la moto ?<\/strong><br \/>\nOui, bien s\u00fbr, le voyage en Slov\u00e9nie figure parmi les meilleurs moments : la travers\u00e9e de la r\u00e9gion des Dolomites, les grands cols suisses, l\u2019incursion en Croatie, les paysages slov\u00e8nes, le Stelvio, le Grossglockner Hochalpenstrasse.<br \/>\nIl y a aussi eu notre tour de Corse et les nombreuses balades que nous organisons dans toute la France avec notre groupe de potes.<br \/>\n<img decoding=\"async\" src=\"https:\/\/lh6.googleusercontent.com\/-FlCsopZb4Wo\/UEtZzydHYYI\/AAAAAAAAGuQ\/3DRAF-DOWUE\/s750\/209543_10150164105168926_1803639_o.jpg\"><\/img><br \/>\nEn moto il y a aussi des moments difficiles ou des gal\u00e8res qui nous font rire ensuite.<br \/>\nParmi eux je retiendrais tout particuli\u00e8rement le jour o\u00f9 notre ami S\u00e9bastien a perdu son top-case dans un virage slov\u00e8ne. Il fallu descendre plusieurs dizaines de m\u00e8tres en contrebas pour le r\u00e9cup\u00e9rer, celui-ci contenant le GPS qui  nous a permis de rentrer chez nous par la r\u00e9gion des lacs d\u2019Italie. Sans lui nous \u00e9tions perdus !<\/p>\n<p><strong>Depuis combien de temps t\u2019int\u00e9resses-tu aux rallyes ?<\/strong><br \/>\nLe rallye, j\u2019y ai gout\u00e9 pour la premi\u00e8re fois avec Beno\u00eet aux Garrigues en 2010 et depuis nous sommes mordus. J\u2019en ai six \u00e0 mon actif, avec une pr\u00e9f\u00e9rence pour le Sun Rally en 2011 et le Dourdou en 2012. J\u2019aime bien les rallyes difficiles qui permettent de se d\u00e9passer. Je suis plus routard que limeur de sp\u00e9ciales.<br \/>\n<img decoding=\"async\" src=\"https:\/\/lh5.googleusercontent.com\/-P2cORtdSDjA\/UEtZ2DjJCuI\/AAAAAAAAGu4\/EEhptXIBjXA\/s750\/Sun-Rallye.jpg\"><\/img><\/p>\n<p><strong>Pourtant, les sp\u00e9ciales sont vraiment importantes en rallye. Comment te pr\u00e9pares-tu pour le Moto Tour ?<\/strong><br \/>\nLes sp\u00e9ciales sont vraiment mon point faible, c\u2019est pour cela que je fais actuellement un travail pointu dessus,  en consacrant beaucoup de temps aux reconnaissances, en relecture de vid\u00e9os et en notes sur plan.<br \/>\nJ\u2019ai aussi un autre point faible : la vitesse sur circuit. Je ne suis pas du tout pistard alors je fais quelques s\u00e9ances pour m\u2019entra\u00eener. Mes quelques exp\u00e9riences piste jusqu\u2019\u00e0 pr\u00e9sent sont en supermotard et aux 24 h du Mans\u2026 roller. Hey\u2026 je boucle un tour du Bugatti en 9\u201932 \ud83d\ude09<\/p>\n<p><strong>Et  ton objectif pour le Moto Tour ?<\/strong><br \/>\nArriver au bout de l\u2019\u00e9preuve sans encombre est un bon objectif pour un amateur comme moi. Mais \u00e7a serait de la mauvaise foi de dire que je n\u2019esp\u00e8re pas figurer en bonne place au tableau des r\u00e9sultats. D\u2019o\u00f9 mon travail de pr\u00e9paration en ce moment.<\/p>\n<p><strong>Avec quelle moto vas-tu courir ?<\/strong><br \/>\nMa moto est une KTM 690 Duke 3 que je poss\u00e8de depuis un an. J\u2019adore cette marque, j\u2019ai quasiment essay\u00e9 toutes leurs motos de route et il s\u2019agit de ma cinqui\u00e8me KTM. J\u2019ai d\u00e9j\u00e0 poss\u00e9d\u00e9 deux autres 690 SM, une 950 SMR et une 990 SMT. Pourquoi celle-ci ? Parce-quelle est haute et l\u00e9g\u00e8re, son moteur est un r\u00e9gal et sa partie cycle irr\u00e9prochable pour un mod\u00e8le du march\u00e9 sorti de chez le concessionnaire. Un vrai jouet pour grands enfants, \u00ab ready to race \u00bb comme ils disent en Autriche.<br \/>\n<img decoding=\"async\" src=\"https:\/\/lh4.googleusercontent.com\/-geQQRjVmR5Y\/UEtZzzQpBbI\/AAAAAAAAGuY\/NuArTHdudj0\/s750\/5410_108504713925_2009457_n.jpg\"><\/img><\/p>\n<p><strong>Comment penses-tu que la semaine va se d\u00e9rouler ?<\/strong><br \/>\nUne chose est s\u00fbre, rien ne se passera comme pr\u00e9vu. Mon principal souci va \u00eatre la gestion du stress et de la fatigue, mais j\u2019y travaille ! En tout cas ce sera une semaine m\u00e9morable, riche en \u00e9motions, avec tous les membres de l\u2019\u00e9quipe, pilotes et assistants, et surtout ma ch\u00e9rie !!!<\/p>\n<p><strong>D\u2019ailleurs, en parlant de Marie, quelle a \u00e9t\u00e9 ta r\u00e9action quand elle a d\u00e9cid\u00e9 de participer elle aussi ?<\/strong><br \/>\nJe suis vraiment super content puisque c\u2019est moi qui l\u2019ai encourag\u00e9e \u00e0 s\u2019inscrire. Je ne me voyais pas vivre cette aventure sans elle et en plus, elle en mourait d\u2019envie.<br \/>\n<img decoding=\"async\" src=\"https:\/\/lh5.googleusercontent.com\/-u2cKaEKwO2U\/UEtZ0x0eZhI\/AAAAAAAAGuk\/kT7zrWc925o\/s750\/En_amoureux.jpg\"><\/img><br \/>\n<em>Le plaisir de rouler \u00e0 deux<\/em><\/p>\n<p><strong>Peux-tu nous parler un peu des autres membres de l\u2019\u00e9quipe ?<\/strong><br \/>\nJe connais tr\u00e8s bien Marie, puisque c\u2019est avec elle que je fais ma vie. Elle m\u2019\u00e9tonne toujours par sa t\u00e9nacit\u00e9 et son envie de me suivre dans les d\u00e9lires les plus fous.<br \/>\nBeno\u00eet est un tr\u00e8s bon copain avec qui j\u2019ai fait mes premi\u00e8res armes en moto et en rallye. C\u2019est quelqu\u2019un de g\u00e9nial, tout le temps de bonne humeur et toujours pr\u00e9sent quand on a besoin de lui.<br \/>\nJe connais S\u00e9bastien depuis deux ans, par l\u2019interm\u00e9diaire de Benoit, et on se voit r\u00e9guli\u00e8rement au cours de nos diff\u00e9rents stages, rallyes ou concentrations motos. C\u2019est le moteur de cette \u00e9quipe, il a cette capacit\u00e9 formidable \u00e0 f\u00e9d\u00e9rer et rassembler les gens.<br \/>\nQuant \u00e0 Jean-Marc je l\u2019ai rencontr\u00e9 \u00e0 l\u2019occasion de la pr\u00e9paration de ce Moto Tour et je le trouve super. Gr\u00e2ce \u00e0 sa longue exp\u00e9rience de la moto et \u00e0 son temp\u00e9rament calme, je pense qu\u2019il sera de bon conseils dans les moments difficiles.<\/p>\n<p><strong>Est-ce qu&rsquo;il y a des choses dont tu voudrais parler en plus ?<br \/>\n<\/strong>Et oui !  Dire un grand merci \u00e0 nos assistants qui vont sacrifier une semaine de leurs vacances \u00e0 nous suivre de ville en ville en camion, \u00e0 supporter nos humeurs et \u00e0 faire en sorte que tout se passe bien pour nous !!!<br \/>\nVraiment un grand merci \u00e0 eux !<\/p>\n","protected":false},"excerpt":{"rendered":"<p>On attaque la suite des portraits des pilotes avec celui de Cyril, alias Ponpon. Cyril, c\u2019est le grand du groupe, calme en apparence mais qui &hellip; <\/p>\n","protected":false},"author":1,"featured_media":1628,"comment_status":"closed","ping_status":"closed","sticky":false,"template":"","format":"standard","meta":{"footnotes":""},"categories":[5,15],"tags":[],"class_list":["post-1626","post","type-post","status-publish","format-standard","has-post-thumbnail","hentry","category-01_moto","category-rallyes-routiers","has-meta"],"_links":{"self":[{"href":"https:\/\/titeroute.org\/index.php?rest_route=\/wp\/v2\/posts\/1626","targetHints":{"allow":["GET"]}}],"collection":[{"href":"https:\/\/titeroute.org\/index.php?rest_route=\/wp\/v2\/posts"}],"about":[{"href":"https:\/\/titeroute.org\/index.php?rest_route=\/wp\/v2\/types\/post"}],"author":[{"embeddable":true,"href":"https:\/\/titeroute.org\/index.php?rest_route=\/wp\/v2\/users\/1"}],"replies":[{"embeddable":true,"href":"https:\/\/titeroute.org\/index.php?rest_route=%2Fwp%2Fv2%2Fcomments&post=1626"}],"version-history":[{"count":3,"href":"https:\/\/titeroute.org\/index.php?rest_route=\/wp\/v2\/posts\/1626\/revisions"}],"predecessor-version":[{"id":1630,"href":"https:\/\/titeroute.org\/index.php?rest_route=\/wp\/v2\/posts\/1626\/revisions\/1630"}],"wp:featuredmedia":[{"embeddable":true,"href":"https:\/\/titeroute.org\/index.php?rest_route=\/wp\/v2\/media\/1628"}],"wp:attachment":[{"href":"https:\/\/titeroute.org\/index.php?rest_route=%2Fwp%2Fv2%2Fmedia&parent=1626"}],"wp:term":[{"taxonomy":"category","embeddable":true,"href":"https:\/\/titeroute.org\/index.php?rest_route=%2Fwp%2Fv2%2Fcategories&post=1626"},{"taxonomy":"post_tag","embeddable":true,"href":"https:\/\/titeroute.org\/index.php?rest_route=%2Fwp%2Fv2%2Ftags&post=1626"}],"curies":[{"name":"wp","href":"https:\/\/api.w.org\/{rel}","templated":true}]}}