{"id":1665,"date":"2012-10-08T22:00:29","date_gmt":"2012-10-08T20:00:29","guid":{"rendered":"http:\/\/titeroute.org\/?p=1665"},"modified":"2013-05-18T16:52:13","modified_gmt":"2013-05-18T14:52:13","slug":"ddmt2012-la-normandie-sous-la-pluie-cest-tres-surfait","status":"publish","type":"post","link":"https:\/\/titeroute.org\/?p=1665","title":{"rendered":"DDMT2012 &#8211; jour 2 : la Normandie sous la pluie, c&rsquo;est tr\u00e8s surfait&#8230;"},"content":{"rendered":"<p>Il fallait avoir le moral pour prendre le d\u00e9part ce matin&#8230;<br \/>\nApr\u00e8s une journ\u00e9e d&rsquo;hier ensoleill\u00e9e et une nuit relativement calme, nous nous sommes r\u00e9veill\u00e9 t\u00f4t ce matin (entre 3h et 4h30) sous un ciel encore cl\u00e9ment. Ca n&rsquo;a pas dur\u00e9. Le temps de partir et de faire trois tours de roue, et le d\u00e9luge a commenc\u00e9. Nuit, brouillard, un road-book de petites routes normandes d\u00e9tremp\u00e9es et bien boueuses. Et dans les casques, juste une question : \u00ab qu&rsquo;est-ce que je fous l\u00e0? \u00bb<br \/>\nCa a dur\u00e9 jusqu&rsquo;au lever du jour, et m\u00eame un peu plus tard, avec beaucoup de jardinages. Il n&rsquo;\u00e9tait pas rare de croiser des motards alors qu&rsquo;on \u00e9tait sens\u00e9s aller tous dans le m\u00eame sens.<br \/>\n<img decoding=\"async\" alt=\"\" src=\"https:\/\/lh6.googleusercontent.com\/-5DrdnHhoEVs\/UHMOoncEvUI\/AAAAAAAAHIE\/JIjwO1W89k8\/s750\/Jour2_02.jpg\" \/><\/p>\n<p>Autant le dire tout de suite, la Normandie sous la pluie, c&rsquo;est tr\u00e8s surfait, on aurait pu s&rsquo;en passer.<br \/>\n<img decoding=\"async\" alt=\"\" src=\"https:\/\/lh6.googleusercontent.com\/-tKePTnaS9MQ\/UHMOokesGBI\/AAAAAAAAHIM\/E2LJQje26u8\/s750\/Jour2_03.jpg\" \/><\/p>\n<p>Et un peu trop humide. Rare ceux qui sont rest\u00e9s secs, les combi ont fini par percer, les gants d\u00e9gouttaient et les bottes s&rsquo;\u00e9taient remplies<br \/>\n<img decoding=\"async\" alt=\"\" src=\"https:\/\/lh3.googleusercontent.com\/-9ONZ22_IhN8\/UHMOpOIns1I\/AAAAAAAAHIQ\/SKW4KfQYHak\/s750\/Jour2_04.jpg\" \/><\/p>\n<p><img decoding=\"async\" alt=\"\" src=\"https:\/\/lh4.googleusercontent.com\/-kVtr4C5u__g\/UHMOrCpkDNI\/AAAAAAAAHJM\/GXqDvaUIx7k\/s750\/Jour2_12.jpg\" \/><\/p>\n<p>Pour la sp\u00e9ciale de Bess\u00e9, l&rsquo;orga avait fait les choses en grand, avec accueil dans un ch\u00e2teau, et caf\u00e9 par les Sarthois. C&rsquo;\u00e9tait joli m\u00eame si un rayon de soleil aurait \u00e9t\u00e9 le bienvenu.<br \/>\n<img decoding=\"async\" alt=\"\" src=\"https:\/\/lh3.googleusercontent.com\/-qLTARysIrSk\/UHMOrLArmwI\/AAAAAAAAHJI\/wo7-xSsIKgI\/s750\/Jour2_11.jpg\" \/><\/p>\n<p><img decoding=\"async\" alt=\"\" src=\"https:\/\/lh5.googleusercontent.com\/-xGKguG2k6VQ\/UHMOpXgMccI\/AAAAAAAAHI0\/wDy4I28E87M\/s750\/Jour2_05.jpg\" \/><\/p>\n<p><img decoding=\"async\" alt=\"\" src=\"https:\/\/lh5.googleusercontent.com\/-0ebDU7diTMo\/UHMOpucbESI\/AAAAAAAAHIg\/8DIf-Q2gO6w\/s750\/Jour2_06.jpg\" \/><\/p>\n<p>Assistance au top Par Filipe et Manu, \u00e0 l&rsquo;abri d&rsquo;un grand c\u00e8dre.<br \/>\n<img decoding=\"async\" alt=\"\" src=\"https:\/\/lh6.googleusercontent.com\/-CqYnpeGvQmE\/UHMOrFy-AcI\/AAAAAAAAHJA\/3QcFqqrV-_4\/s750\/Jour2_10.jpg\" \/><\/p>\n<p>Avant la sp\u00e9ciale, Marie r\u00e9p\u00e8te le parcours.<br \/>\n<img decoding=\"async\" alt=\"\" src=\"https:\/\/lh6.googleusercontent.com\/-UriDfe_PnCE\/UHMOppGUMvI\/AAAAAAAAHIc\/5QXJxMnmXq4\/s750\/Jour2_07.jpg\" \/><\/p>\n<p>Mais c&rsquo;est \u00e0 la premi\u00e8re sp\u00e9ciale d&rsquo;Angers qu&rsquo;elle cartonne, passant devant tous les mecs du team, 1 seconde devant Beno\u00eet, soit une bonne dizaine de places.<br \/>\nSur la fin de la journ\u00e9e, le temps s&rsquo;est largement am\u00e9lior\u00e9, un rayon de soleil faisant m\u00eame son apparition, ce qui n&rsquo;a pas emp\u00each\u00e9 la route de rester glissante. R\u00e9sultat, grosse attente au d\u00e9part de la deuxi\u00e8me sp\u00e9ciale d&rsquo;Angers.<br \/>\n<img decoding=\"async\" alt=\"\" src=\"https:\/\/lh3.googleusercontent.com\/-tDYB34OpElw\/UHMOtyEwT7I\/AAAAAAAAHKA\/sqCRb8er2JY\/s750\/Jour2_21.jpg\" \/><\/p>\n<p>Au parc assistance, c&rsquo;est l&rsquo;heure de faire le bilan de la journ\u00e9e, dans l&rsquo;attente des r\u00e9sultats.<br \/>\n<img decoding=\"async\" alt=\"\" src=\"https:\/\/lh6.googleusercontent.com\/-6FxVgRBUFQo\/UHMOsyWHm1I\/AAAAAAAAHJo\/b5UdTdrM-DM\/s750\/Jour2_16.jpg\" \/><\/p>\n<p>Pour Seb, une cascade par jour semble un rythme correct. Un virage un peu large qui se termine dans le foss\u00e9, sans d\u00e9g\u00e2ts sur la machine ni le bonhomme.<br \/>\nAutant d&rsquo;eau semble aussi avoir fait mauvais m\u00e9nage avec l&rsquo;\u00e9lectricit\u00e9 de la KTM. Entre la batterie qui fait des siennes et la pile de l&rsquo;alarme qui a d\u00e9cid\u00e9 de ne pas fonctionner, il a cru par deux fois ne pas pouvoir repartir. Autant dire que tous les contacts ont \u00e9t\u00e9 nettoy\u00e9s, souffl\u00e9s, s\u00e9ch\u00e9s, un petit coup de bombe pour contacts \u00e9lectriques, une couche de scotch par-ci par-l\u00e0 pour finir l&rsquo;\u00e9tanch\u00e9it\u00e9 et \u00e7a devrait nettement mieux se passer.<br \/>\nJean-Marc est parti nettement moins stress\u00e9 qu&rsquo;hier. C&rsquo;est venu un peu plus tard, juste avant la premi\u00e8re sp\u00e9ciale, quand la cl\u00e9 a d\u00e9cid\u00e9 de ne pas tourner dans le contacteur. Dix minutes de tripatouillage plus tard et la cl\u00e9 a fini par tourner, la moto par d\u00e9marrer. Juste deux minutes avant le d\u00e9part.<br \/>\nDu coup, \u00e7a a fum\u00e9 dans le casque, et il s&rsquo;est retrouv\u00e9 avec de la bu\u00e9e sur la visi\u00e8re toute la journ\u00e9e, comme hier \u00e0 Carole. A moins que ce soit parce que le casque est mal ventil\u00e9&#8230;<br \/>\nPetit probl\u00e8me \u00e9lectrique pour Cyril, avec x\u00e9non qui a grill\u00e9. Ca tombe bien, demain, il part de jour. Jjourn\u00e9e \u00ab\u00a0mollo, \u00e7a glisse trop\u00a0\u00bb pour Beno\u00eet qui a choisi d&rsquo;assurer. Et pour Marie, \u00e7a continue d&rsquo;aller bien !<\/p>\n<p>Apr\u00e8s cette journ\u00e9e, les pilotes sont fatigu\u00e9s.<br \/>\n<img decoding=\"async\" alt=\"\" src=\"https:\/\/lh5.googleusercontent.com\/-KPaWAX454mQ\/UHMOti_PguI\/AAAAAAAAHJ8\/2kt2ibKpIGo\/s750\/Jour2_19.jpg\" \/><\/p>\n<p>Les cartons de pointage aussi.<br \/>\n<img decoding=\"async\" alt=\"\" src=\"https:\/\/lh3.googleusercontent.com\/-vBCrJKExStY\/UHMOtpEVOaI\/AAAAAAAAHKE\/idKPJCzCyOo\/s750\/Jour2_20.jpg\" \/><\/p>\n<p>Nos sponsors, avec nous jusqu&rsquo;au bout&#8230;<br \/>\n<img decoding=\"async\" alt=\"\" src=\"https:\/\/lh5.googleusercontent.com\/-rfACnPxSZts\/UHMOum_XFgI\/AAAAAAAAHKM\/TLqVQc0Omgo\/s750\/Jour2_22.jpg\" \/><\/p>\n<p><img decoding=\"async\" alt=\"\" src=\"https:\/\/lh6.googleusercontent.com\/-5-q3JrMMO_M\/UHMOs8srhDI\/AAAAAAAAHJs\/cx7NfECgnPU\/s750\/Jour2_18.jpg\" \/><\/p>\n<p>Et les r\u00e9sultats au classement g\u00e9n\u00e9ral :<br \/>\nBeno\u00eet : 29<br \/>\nJean-Marc 67<br \/>\nMarie 68<br \/>\nS\u00e9bastien 79<br \/>\nCyril 90<\/p>\n","protected":false},"excerpt":{"rendered":"<p>Il fallait avoir le moral pour prendre le d\u00e9part ce matin&#8230;<br \/>\nApr\u00e8s une journ\u00e9e d&rsquo;hier ensoleill\u00e9e et une nuit relativement calme, nous nous sommes r\u00e9veill\u00e9 t\u00f4t ce matin (entre 3h et 4h30) sous un ciel encore cl\u00e9ment. Ca n&rsquo;a pas dur\u00e9. Le temps de partir et de faire trois tours de roue, et le d\u00e9luge a commenc\u00e9. Nuit, brouillard, un road-book de petites routes normandes d\u00e9tremp\u00e9es et bien boueuses. Et dans les casques, juste une question : \u00ab qu&rsquo;est-ce que je fous l\u00e0? \u00bb<br \/>\nCa a dur\u00e9 jusqu&rsquo;au lever du jour, et m\u00eame un peu plus tard, avec beaucoup de jardinages. Il n&rsquo;\u00e9tait pas rare de croiser des motards alors qu&rsquo;on \u00e9tait sens\u00e9s aller tous dans le m\u00eame sens.<\/p>\n","protected":false},"author":1,"featured_media":1668,"comment_status":"closed","ping_status":"closed","sticky":false,"template":"","format":"standard","meta":{"footnotes":""},"categories":[5,15],"tags":[],"class_list":["post-1665","post","type-post","status-publish","format-standard","has-post-thumbnail","hentry","category-01_moto","category-rallyes-routiers","has-meta"],"_links":{"self":[{"href":"https:\/\/titeroute.org\/index.php?rest_route=\/wp\/v2\/posts\/1665","targetHints":{"allow":["GET"]}}],"collection":[{"href":"https:\/\/titeroute.org\/index.php?rest_route=\/wp\/v2\/posts"}],"about":[{"href":"https:\/\/titeroute.org\/index.php?rest_route=\/wp\/v2\/types\/post"}],"author":[{"embeddable":true,"href":"https:\/\/titeroute.org\/index.php?rest_route=\/wp\/v2\/users\/1"}],"replies":[{"embeddable":true,"href":"https:\/\/titeroute.org\/index.php?rest_route=%2Fwp%2Fv2%2Fcomments&post=1665"}],"version-history":[{"count":4,"href":"https:\/\/titeroute.org\/index.php?rest_route=\/wp\/v2\/posts\/1665\/revisions"}],"predecessor-version":[{"id":1693,"href":"https:\/\/titeroute.org\/index.php?rest_route=\/wp\/v2\/posts\/1665\/revisions\/1693"}],"wp:featuredmedia":[{"embeddable":true,"href":"https:\/\/titeroute.org\/index.php?rest_route=\/wp\/v2\/media\/1668"}],"wp:attachment":[{"href":"https:\/\/titeroute.org\/index.php?rest_route=%2Fwp%2Fv2%2Fmedia&parent=1665"}],"wp:term":[{"taxonomy":"category","embeddable":true,"href":"https:\/\/titeroute.org\/index.php?rest_route=%2Fwp%2Fv2%2Fcategories&post=1665"},{"taxonomy":"post_tag","embeddable":true,"href":"https:\/\/titeroute.org\/index.php?rest_route=%2Fwp%2Fv2%2Ftags&post=1665"}],"curies":[{"name":"wp","href":"https:\/\/api.w.org\/{rel}","templated":true}]}}