{"id":1680,"date":"2012-10-11T23:25:53","date_gmt":"2012-10-11T21:25:53","guid":{"rendered":"http:\/\/titeroute.org\/?p=1680"},"modified":"2013-05-18T17:05:15","modified_gmt":"2013-05-18T15:05:15","slug":"ddmt-jour-5-le-chat-noir-a-choisi-une-nouvelle-victime","status":"publish","type":"post","link":"https:\/\/titeroute.org\/?p=1680","title":{"rendered":"DDMT &#8211; jour 5 &#8211; Le chat noir a choisi une nouvelle victime"},"content":{"rendered":"<p>Bulletin m\u00e9t\u00e9o du jour : il n&rsquo;a pas plu. Ca nous change. Mais il y avait du brouillard ! Notamment pour la travers\u00e9e des Dombes, sur des routes \u00ab l\u00e9g\u00e8rement \u00bb boueuses. Malgr\u00e9 un lavage quotidien, les motos en portent les traces.<br \/>\n<img decoding=\"async\" src=\"https:\/\/lh3.googleusercontent.com\/-zKDzead3kDE\/UHcWoHrPoxI\/AAAAAAAAHOs\/zjxj9zmD9EI\/s550\/Jour5_09.jpg\"><\/img><\/p>\n<p>Le brouillard qui se l\u00e8ve donne de chouettes paysages.<br \/>\n<img decoding=\"async\" src=\"https:\/\/lh4.googleusercontent.com\/-6gEKgalWHzY\/UHcWlOCwtGI\/AAAAAAAAHOU\/960Piu6j0Cw\/s750\/Jour5_02.jpg\"><\/img><\/p>\n<p><img decoding=\"async\" src=\"https:\/\/lh5.googleusercontent.com\/-V4lADnTZPdc\/UHcWlIVdC1I\/AAAAAAAAHN8\/Jdcj2JftJXI\/s750\/Jour5_03.jpg\"><\/img><\/p>\n<p>Mais il a perturb\u00e9 la premi\u00e8re mont\u00e9e de la sp\u00e9ciale de la Croisette (ici, le point stop apr\u00e8s la fin de la sp\u00e9ciale vient juste d&rsquo;\u00eatre englouti par le nuage).<br \/>\n<img decoding=\"async\" src=\"https:\/\/lh6.googleusercontent.com\/-fmUlV0AWoXA\/UHcWmUHllYI\/AAAAAAAAHOM\/p0cM4XF9qzM\/s750\/Jour5_05.jpg\"><\/img><\/p>\n<p>Autant d&rsquo;humidit\u00e9 commence \u00e0 faire des ravages, un peu chez les pilotes mais surtout sur les vectors, ces appareils qui comptabilisent kilom\u00e9trages partiels et totaux, et permettent de savoir o\u00f9 on en est par rapport au road-book. Ils sont tous en panne, plus ou moins permanente, plus ou moins al\u00e9atoire. La navigation du coup est un peu compliqu\u00e9e par moments. Ca a valu \u00e0 Cyril une arriv\u00e9e \u00e0 un CH klaxon tonitruant pour \u00e9carter les pilotes d\u00e9j\u00e0 arriv\u00e9s et qui attendaient leur tour, pour pointer pile poil dans ses 30 secondes. Et \u00e0 Beno\u00eet de faire quelques d\u00e9tours sur le routier \u00e0 suivre des pilotes qui se perdent sans arr\u00eat.<br \/>\nComme dit S\u00e9b, \u00ab les vectors, c&rsquo;est bien, mais il faut garder son cerveau et trouver des id\u00e9es pour s&rsquo;en passer \u00bb (du vector, pas du cerveau).<\/p>\n<p>Pour Seb, justement, journ\u00e9e pas tr\u00e8s satisfaisante. Il s&rsquo;est donn\u00e9 comme objectif de retrouver le reste du groupe dans les 80 premiers. Et pour le moment, \u00e7a ne marche pas compl\u00e8tement, m\u00eame s&rsquo;il gagne 17 place au g\u00e9n\u00e9ral.<br \/>\nPourtant, ce n&rsquo;est pas faute d&rsquo;avoir \u00e9t\u00e9 concentr\u00e9 au d\u00e9part des sp\u00e9ciales. Il lui tarde de retrouver ses poissons pilotes qui l&rsquo;obligent \u00e0 avoir un rythme plus soutenu.<br \/>\n<img decoding=\"async\" src=\"https:\/\/lh3.googleusercontent.com\/-XZ3vrHD4rj4\/UHcWpKQvOOI\/AAAAAAAAHPA\/WN254oDynrE\/s750\/Jour5_11.jpg\"><\/img><\/p>\n<p>Jean-Marc continue sa remont\u00e9e tranquille au classement, avec une belle journ\u00e9e qui lui a beaucoup plu : pas de p\u00e9nalit\u00e9, des sp\u00e9ciales sympas et hop, 8 places de gagn\u00e9es.<\/p>\n<p>Le Team VTSC ne serait pas au complet sans son chat noir. Aujourd&rsquo;hui, il a jou\u00e9 avec deux de nos pilotes. Pour Beno\u00eet, \u00e7a se termine pas trop mal, m\u00eame si \u00e7a lui a fait tout bizarre de se faire doubler par sa b\u00e9quille : elle est tomb\u00e9e au passage d&rsquo;un dos d&rsquo;\u00e2ne, il a pil\u00e9 en entendant le bruit, la b\u00e9quille est pass\u00e9e \u00e0 c\u00f4t\u00e9 de lui&#8230; Il s&rsquo;est donc gar\u00e9 sur un bout de trottoir, qui s&rsquo;est r\u00e9v\u00e9l\u00e9 \u00eatre une entr\u00e9e de maison par laquelle la propri\u00e9taire a d\u00e9cid\u00e9 de sortir en voiture en marche arri\u00e8re. Et boum la moto sur Beno\u00eet. Quelques rayures de plus sur les car\u00e9nages, pas de bobos pour Beno\u00eet. Le contacteur ayant d\u00e9cid\u00e9 de se faire la malle en m\u00eame temps que la b\u00e9quille, la moto ne red\u00e9marrait pas. Et hop, assistance par les pilotes qui \u00e9taient dans le coin et qui ont pouss\u00e9 Beno\u00eet sur les 4 derniers kilom\u00e8tres, faisant quand il y avait besoin la circulation aux feux rouges, lui permettant de pointer \u00e0 l&rsquo;heure. C\u00f4t\u00e9 sp\u00e9ciale, il pensait avoir rat\u00e9 la premi\u00e8re, le Chemin de la Guerre. Finalement, il fait le 19\u00e8me chrono.<br \/>\n<img decoding=\"async\" src=\"https:\/\/lh3.googleusercontent.com\/-iCAscCPSAaE\/UHcWnc3u0bI\/AAAAAAAAHOg\/MM6F5I9sdWo\/s750\/Jour5_07.jpg\"><\/img><\/p>\n<p>Par contre, pour Marie, c&rsquo;est moins dr\u00f4le, un jeudi chat noir&#8230; A la premi\u00e8re sp\u00e9ciale de la Croisette, la moto se met \u00e0 surchauffer et 3 m\u00e8tres apr\u00e8s le d\u00e9part, cale et se met en s\u00e9curit\u00e9. Il n&rsquo;y a plus d&rsquo;eau ni dans le r\u00e9servoir ni dans le radiateur. Au final, 30 secondes de perdues qui se ressentent \u00e9norm\u00e9ment sur le classement. Comme ce n&rsquo;est pas la premi\u00e8re fois que cela arrive, Marie a des doutes sur la fiabilit\u00e9 de sa moto.<\/p>\n<p>Demain, premi\u00e8re sp\u00e9ciale \u00e0 l&rsquo;Observatoire, qui arrive au m\u00eame endroit que la Croisette, avec une vue magnifique sur les Alpes. Quand il fait beau&#8230; De la pluie est pr\u00e9vue pour demain matin&#8230;<br \/>\n<img decoding=\"async\" src=\"https:\/\/lh4.googleusercontent.com\/-QMDtAr_VgN0\/UHcWlUazr5I\/AAAAAAAAHOA\/HqfLMQdK5zU\/s750\/Jour5_04.jpg\"><\/img><\/p>\n<p>Classement g\u00e9n\u00e9ral<\/p>\n<p>Beno\u00eet : 22<br \/>\nJean-Marc : 77<br \/>\nCyril : 82<br \/>\nMarie : 83<br \/>\nS\u00e9bastien : 112<\/p>\n","protected":false},"excerpt":{"rendered":"<p>Bulletin m\u00e9t\u00e9o du jour : il n&rsquo;a pas plu. Ca nous change. Mais il y avait du brouillard ! Notamment pour la travers\u00e9e des Dombes, sur des routes \u00ab l\u00e9g\u00e8rement \u00bb boueuses. Malgr\u00e9 un lavage quotidien, les motos en portent les traces.<br \/>\n<img decoding=\"async\" src=\"https:\/\/lh3.googleusercontent.com\/-zKDzead3kDE\/UHcWoHrPoxI\/AAAAAAAAHOs\/zjxj9zmD9EI\/s180\/Jour5_09.jpg\"><\/img><\/p>\n","protected":false},"author":1,"featured_media":1681,"comment_status":"closed","ping_status":"closed","sticky":false,"template":"","format":"standard","meta":{"footnotes":""},"categories":[5,15],"tags":[],"class_list":["post-1680","post","type-post","status-publish","format-standard","has-post-thumbnail","hentry","category-01_moto","category-rallyes-routiers","has-meta"],"_links":{"self":[{"href":"https:\/\/titeroute.org\/index.php?rest_route=\/wp\/v2\/posts\/1680","targetHints":{"allow":["GET"]}}],"collection":[{"href":"https:\/\/titeroute.org\/index.php?rest_route=\/wp\/v2\/posts"}],"about":[{"href":"https:\/\/titeroute.org\/index.php?rest_route=\/wp\/v2\/types\/post"}],"author":[{"embeddable":true,"href":"https:\/\/titeroute.org\/index.php?rest_route=\/wp\/v2\/users\/1"}],"replies":[{"embeddable":true,"href":"https:\/\/titeroute.org\/index.php?rest_route=%2Fwp%2Fv2%2Fcomments&post=1680"}],"version-history":[{"count":6,"href":"https:\/\/titeroute.org\/index.php?rest_route=\/wp\/v2\/posts\/1680\/revisions"}],"predecessor-version":[{"id":1707,"href":"https:\/\/titeroute.org\/index.php?rest_route=\/wp\/v2\/posts\/1680\/revisions\/1707"}],"wp:featuredmedia":[{"embeddable":true,"href":"https:\/\/titeroute.org\/index.php?rest_route=\/wp\/v2\/media\/1681"}],"wp:attachment":[{"href":"https:\/\/titeroute.org\/index.php?rest_route=%2Fwp%2Fv2%2Fmedia&parent=1680"}],"wp:term":[{"taxonomy":"category","embeddable":true,"href":"https:\/\/titeroute.org\/index.php?rest_route=%2Fwp%2Fv2%2Fcategories&post=1680"},{"taxonomy":"post_tag","embeddable":true,"href":"https:\/\/titeroute.org\/index.php?rest_route=%2Fwp%2Fv2%2Ftags&post=1680"}],"curies":[{"name":"wp","href":"https:\/\/api.w.org\/{rel}","templated":true}]}}