{"id":2039,"date":"2014-06-16T17:35:50","date_gmt":"2014-06-16T16:35:50","guid":{"rendered":"http:\/\/titeroute.org\/?p=2039"},"modified":"2014-06-17T07:59:34","modified_gmt":"2014-06-17T06:59:34","slug":"un-concentre-de-petites-vieilles","status":"publish","type":"post","link":"https:\/\/titeroute.org\/?p=2039","title":{"rendered":"Un concentr\u00e9 de petites vieilles"},"content":{"rendered":"<table border=\"0\" align=\"center\">\n<tbody>\n<tr>\n<td align=\"center\" valign=\"middle\"><a href=\"https:\/\/lh4.googleusercontent.com\/-ObtpFtyXVus\/U55vuDN4s9I\/AAAAAAAAPj0\/3K-uS5Veknc\/w900-h599-no\/NEX-06789.jpg\" rel=\"lightbox[balade]\"><img decoding=\"async\" src=\"https:\/\/lh4.googleusercontent.com\/-ObtpFtyXVus\/U55vuDN4s9I\/AAAAAAAAPj0\/3K-uS5Veknc\/s240\/NEX-06789.jpg\" alt=\"Tour d'Auvergne\" \/><br \/>\nTour d&rsquo;Auvergne<\/a><\/td>\n<\/tr>\n<\/tbody>\n<\/table>\n<p>L&rsquo;ann\u00e9e derni\u00e8re, je n&rsquo;avais pas pu assister \u00e0 la premi\u00e8re exposition de motos anciennes \u00e0 Orbeil. Cette ann\u00e9e, j&rsquo;ai pu me rattraper et voir des petites vieilles gr\u00e2ce au Tour d&rsquo;Auvergne, organis\u00e9 pour la 23\u00e8me ann\u00e9e par les Vieux Bols Arvernes et qui a pris le Chauffour comme point de d\u00e9part et de retour.<br \/>\nUne centaine de motos se sont retrouv\u00e9es align\u00e9es (ou pas) samedi matin et dimanche apr\u00e8s-midi devant la salle des f\u00eates, dans un (d\u00e9s)ordre joyeux.<\/p>\n<table border=\"0\" align=\"center\">\n<tbody>\n<tr>\n<td align=\"center\" valign=\"middle\"><a href=\"https:\/\/lh5.googleusercontent.com\/-USn7PXB4raw\/U55vhAN1sUI\/AAAAAAAAPhM\/SA_IHc7Csog\/w499-h750-no\/NEX-06706.jpg\" rel=\"lightbox[balade]\"><img decoding=\"async\" src=\"https:\/\/lh5.googleusercontent.com\/-USn7PXB4raw\/U55vhAN1sUI\/AAAAAAAAPhM\/SA_IHc7Csog\/s180\/NEX-06706.jpg\" alt=\"En paquet\" \/><br \/>\nEn paquet<\/a><\/td>\n<td align=\"center\" valign=\"middle\"><a href=\"https:\/\/lh5.googleusercontent.com\/-a5jgr87O8IU\/U55vmAqFp3I\/AAAAAAAAPiI\/mtp6IXumWnc\/w900-h599-no\/NEX-06739.jpg\" rel=\"lightbox[balade]\"><img decoding=\"async\" src=\"https:\/\/lh5.googleusercontent.com\/-a5jgr87O8IU\/U55vmAqFp3I\/AAAAAAAAPiI\/mtp6IXumWnc\/s240\/NEX-06739.jpg\" alt=\"Isol\u00e9e\" \/><br \/>\nIsol\u00e9e<\/a><\/td>\n<td align=\"center\" valign=\"middle\"><a href=\"https:\/\/lh6.googleusercontent.com\/-ORAmXxTn0As\/U55vo0GR68I\/AAAAAAAAPiw\/vhpLnSbBucw\/w900-h599-no\/NEX-06752.jpg\" rel=\"lightbox[balade]\"><img decoding=\"async\" src=\"https:\/\/lh6.googleusercontent.com\/-ORAmXxTn0As\/U55vo0GR68I\/AAAAAAAAPiw\/vhpLnSbBucw\/s240\/NEX-06752.jpg\" alt=\"Nickel\u00e9e\" \/><br \/>\nNickel\u00e9e<\/a><\/td>\n<\/tr>\n<\/tbody>\n<\/table>\n<p>La demoiselle la plus \u00e2g\u00e9e affichait presque 90 printemps ; la plus jeune, on ne lui demande pas son \u00e2ge, elle \u00e9tait l\u00e0 pour faire l&rsquo;accompagnement et ne respectait pas le crit\u00e8re de naissance avant 1960. Quelques sides, peu. Et des marques qui ont aujourd&rsquo;hui disparu : Ariel (qui n&rsquo;est pas une lessive ni la petite sir\u00e8ne), Automoto (non non, ce n&rsquo;est pas qu&rsquo;une \u00e9mission de t\u00e9l\u00e9), Dollar (marque fran\u00e7aise malgr\u00e9 les apparences), Follis, Gnome et Rh\u00f4ne, Motob\u00e9cane, Nimbus, Terrot, etc.<\/p>\n<table border=\"0\" align=\"center\">\n<tbody>\n<tr>\n<td align=\"center\" valign=\"middle\"><a href=\"https:\/\/lh5.googleusercontent.com\/-HQ3rc2h9UFg\/U58UK8NNPFI\/AAAAAAAAPk0\/243GHRtLeCA\/w900-h599-no\/NEX-06743-2.jpg\" rel=\"lightbox[balade]\"><img decoding=\"async\" src=\"https:\/\/lh5.googleusercontent.com\/-HQ3rc2h9UFg\/U58UK8NNPFI\/AAAAAAAAPk0\/243GHRtLeCA\/s240\/NEX-06743-2.jpg\" alt=\"T\u00eate d'Indien\" \/><br \/>\nT\u00eate d&rsquo;Indien<\/a><\/td>\n<td align=\"center\" valign=\"middle\"><a href=\"https:\/\/lh4.googleusercontent.com\/-EPBCp10T_CY\/U55vhCrML9I\/AAAAAAAAPhE\/0ZNbJuqc6wU\/w499-h750-no\/NEX-06707.jpgg\" rel=\"lightbox[balade]\"><img decoding=\"async\" src=\"https:\/\/lh4.googleusercontent.com\/-EPBCp10T_CY\/U55vhCrML9I\/AAAAAAAAPhE\/0ZNbJuqc6wU\/s180\/NEX-06707.jpg\" alt=\"Indian\" \/><br \/>\nIndian<\/a><\/td>\n<td align=\"center\" valign=\"middle\"><a href=\"https:\/\/lh5.googleusercontent.com\/-lrQxQi-ZPuw\/U55vpLWvWXI\/AAAAAAAAPi0\/6QVJaSdkFCY\/w900-h599-no\/NEX-06763.jpg\" rel=\"lightbox[balade]\"><img decoding=\"async\" src=\"https:\/\/lh5.googleusercontent.com\/-lrQxQi-ZPuw\/U55vpLWvWXI\/AAAAAAAAPi0\/6QVJaSdkFCY\/s240\/NEX-06763.jpg\" alt=\"Fache\" \/><br \/>\nFache<\/a><\/td>\n<\/tr>\n<\/tbody>\n<\/table>\n<p>Quelques marques existent encore aujourd&rsquo;hui : BMW, Harley Davidson, Royald Enfield.<\/p>\n<table border=\"0\" align=\"center\">\n<tbody>\n<tr>\n<td align=\"center\" valign=\"middle\"><a href=\"https:\/\/lh5.googleusercontent.com\/-z0pH1cMLixE\/U55vlRSG6eI\/AAAAAAAAPh8\/-l5k7s_Hvew\/w900-h599-no\/NEX-06737.jpg\" rel=\"lightbox[balade]\"><img decoding=\"async\" src=\"https:\/\/lh5.googleusercontent.com\/-z0pH1cMLixE\/U55vlRSG6eI\/AAAAAAAAPh8\/-l5k7s_Hvew\/s240\/NEX-06737.jpg\" alt=\"BMW\" \/><br \/>\nBMW<\/a><\/td>\n<\/tr>\n<\/tbody>\n<\/table>\n<p>C&rsquo;\u00e9tait un petit retour dans le temps, quand les motos avaient des cadrans en amp\u00e8re mais pas d&rsquo;\u00e9lectronique, quand les casque n&rsquo;avaient pas de visi\u00e8re et qu&rsquo;il valait mieux s&rsquo;\u00e9quiper de lunettes.<\/p>\n<table border=\"0\" align=\"center\">\n<tbody>\n<tr>\n<td align=\"center\" valign=\"middle\"><a href=\"https:\/\/lh4.googleusercontent.com\/-fk7chOT4fjk\/U55vr51nk6I\/AAAAAAAAPjY\/WOZrtgC9l3I\/w900-h599-no\/NEX-06771.jpg\" rel=\"lightbox[balade]\"><img decoding=\"async\" src=\"https:\/\/lh4.googleusercontent.com\/-fk7chOT4fjk\/U55vr51nk6I\/AAAAAAAAPjY\/WOZrtgC9l3I\/s240\/NEX-06771.jpg\" alt=\"Amp\u00e8re\" \/><br \/>\nAmp\u00e8re<\/a><\/td>\n<td align=\"center\" valign=\"middle\"><a href=\"https:\/\/lh5.googleusercontent.com\/-Fu3YwsQGSq0\/U55vvGnJtVI\/AAAAAAAAPkA\/BXiOaBbFNoA\/w900-h599-no\/NEX-06797.jpg\" rel=\"lightbox[balade]\"><img decoding=\"async\" src=\"https:\/\/lh5.googleusercontent.com\/-Fu3YwsQGSq0\/U55vvGnJtVI\/AAAAAAAAPkA\/BXiOaBbFNoA\/s240\/NEX-06797.jpg\" alt=\"Casque cuir et lunettes\" \/><br \/>\nCasque cuir et lunettes<\/a><\/td>\n<\/tr>\n<\/tbody>\n<\/table>\n<p>Ces dames ont laiss\u00e9 quelques traces sur le bitume, surtout au retour.<\/p>\n<table border=\"0\" align=\"center\">\n<tbody>\n<tr>\n<td align=\"center\" valign=\"middle\"><a href=\"https:\/\/lh6.googleusercontent.com\/-JeHd_omN0kk\/U55vqp4eYNI\/AAAAAAAAPjI\/ZeeMwmsr4NM\/w900-h599-no\/NEX-06765.jpg\" rel=\"lightbox[balade]\"><img decoding=\"async\" src=\"https:\/\/lh6.googleusercontent.com\/-JeHd_omN0kk\/U55vqp4eYNI\/AAAAAAAAPjI\/ZeeMwmsr4NM\/s240\/NEX-06765.jpg\" alt=\"\" \/><br \/>\n<\/a><\/td>\n<\/tr>\n<\/tbody>\n<\/table>\n<p>Samedi matin, je les ai vues s&rsquo;\u00e9loigner p\u00e9taradantes dans un nuage de fum\u00e9e (certaines motos \u00e9taient nettement rep\u00e9rables \u00e0 l&rsquo;odeur), un peu frustr\u00e9e de les voir partir sans moi. C&rsquo;est ballot d&rsquo;avoir trois motos dans le garage et aucune roulante ce jour l\u00e0 pour pouvoir accompagner le convoi&#8230;<\/p>\n<table border=\"0\" align=\"center\">\n<tbody>\n<tr>\n<td align=\"center\" valign=\"middle\"><a href=\"https:\/\/lh6.googleusercontent.com\/-eH4UWFLjn74\/U55vvqTS7II\/AAAAAAAAPkE\/LHZyRvuiLQA\/w900-h599-no\/NEX-06798.jpg\" rel=\"lightbox[balade]\"><img decoding=\"async\" src=\"https:\/\/lh6.googleusercontent.com\/-eH4UWFLjn74\/U55vvqTS7II\/AAAAAAAAPkE\/LHZyRvuiLQA\/s240\/NEX-06798.jpg\" alt=\"Castrol\" \/><br \/>\nCastrol<\/a><\/td>\n<\/tr>\n<\/tbody>\n<\/table>\n","protected":false},"excerpt":{"rendered":"<p>L&rsquo;ann\u00e9e derni\u00e8re, je n&rsquo;avais pas pu assister \u00e0 la premi\u00e8re exposition de motos anciennes \u00e0 Orbeil. Cette ann\u00e9e, j&rsquo;ai pu me rattraper et voir des petites vieilles gr\u00e2ce au Tour d&rsquo;Auvergne, organis\u00e9 pour la 23\u00e8me ann\u00e9e par les Vieux Bols Arvernes et qui a pris le Chauffour comme point de d\u00e9part et de retour.<br \/>\nUne centaine de motos se sont retrouv\u00e9es align\u00e9es (ou pas) samedi matin et dimanche apr\u00e8s-midi devant la salle des f\u00eates, dans un (d\u00e9s)ordre joyeux.<\/p>\n","protected":false},"author":1,"featured_media":2046,"comment_status":"open","ping_status":"closed","sticky":false,"template":"","format":"standard","meta":{"footnotes":""},"categories":[5,6],"tags":[24,29,27,28],"class_list":["post-2039","post","type-post","status-publish","format-standard","has-post-thumbnail","hentry","category-01_moto","category-02_photos","tag-le-chauffour","tag-moto","tag-orbeil","tag-photos","has-meta"],"_links":{"self":[{"href":"https:\/\/titeroute.org\/index.php?rest_route=\/wp\/v2\/posts\/2039","targetHints":{"allow":["GET"]}}],"collection":[{"href":"https:\/\/titeroute.org\/index.php?rest_route=\/wp\/v2\/posts"}],"about":[{"href":"https:\/\/titeroute.org\/index.php?rest_route=\/wp\/v2\/types\/post"}],"author":[{"embeddable":true,"href":"https:\/\/titeroute.org\/index.php?rest_route=\/wp\/v2\/users\/1"}],"replies":[{"embeddable":true,"href":"https:\/\/titeroute.org\/index.php?rest_route=%2Fwp%2Fv2%2Fcomments&post=2039"}],"version-history":[{"count":8,"href":"https:\/\/titeroute.org\/index.php?rest_route=\/wp\/v2\/posts\/2039\/revisions"}],"predecessor-version":[{"id":2051,"href":"https:\/\/titeroute.org\/index.php?rest_route=\/wp\/v2\/posts\/2039\/revisions\/2051"}],"wp:featuredmedia":[{"embeddable":true,"href":"https:\/\/titeroute.org\/index.php?rest_route=\/wp\/v2\/media\/2046"}],"wp:attachment":[{"href":"https:\/\/titeroute.org\/index.php?rest_route=%2Fwp%2Fv2%2Fmedia&parent=2039"}],"wp:term":[{"taxonomy":"category","embeddable":true,"href":"https:\/\/titeroute.org\/index.php?rest_route=%2Fwp%2Fv2%2Fcategories&post=2039"},{"taxonomy":"post_tag","embeddable":true,"href":"https:\/\/titeroute.org\/index.php?rest_route=%2Fwp%2Fv2%2Ftags&post=2039"}],"curies":[{"name":"wp","href":"https:\/\/api.w.org\/{rel}","templated":true}]}}