{"id":42,"date":"2006-10-21T00:53:35","date_gmt":"2006-10-20T22:53:35","guid":{"rendered":"http:\/\/c.montculier.free.fr\/wordpress\/?p=23"},"modified":"2006-10-21T00:53:35","modified_gmt":"2006-10-20T22:53:35","slug":"travaux-de-latelier","status":"publish","type":"post","link":"https:\/\/titeroute.org\/?p=42","title":{"rendered":"Travaux de l&#8217;atelier"},"content":{"rendered":"<p>Pour octobre, j\u2019avais pr\u00e9vu de prendre quelques vacances. De partir loin, de m\u2019a\u00e9rer le cerveau. Mais une ann\u00e9e pass\u00e9e \u00e0 travailler dans un atelier indigne de ce nom, avec de la poussi\u00e8re, une grande partie du sol impraticable, pas d\u2019endroit pour recevoir correctement les visiteurs, l\u2019\u00e9lectricit\u00e9 qui vient de la maison d\u2019\u00e0 c\u00f4t\u00e9, le constat \u00e9tait clair : il fallait faire des travaux. Et fin octobre, je participais \u00e0 des journ\u00e9es nationales des m\u00e9tiers d\u2019art. Hors de question de recevoir du public dans un endroit pareil. J\u2019ai eu un mois pour transformer mon taudis en palace<br \/>\nDonc en guise de vacances, j\u2019ai soulev\u00e9 des sacs de chaux, rempli et vid\u00e9 la b\u00e9tonni\u00e8re, pellet\u00e9 quelques tonnes de gravats, sable et graviers, viss\u00e9 des planches et un plancher.<\/p>\n<p>Avant :  L&rsquo;atelier est un ancien trois pi\u00e8ces de 50 m2, dont j&rsquo;ai enlev\u00e9 toutes les cloisons, ainsi que le plancher bois, compl\u00e8tement pourri, qui recouvrait les deux tiers de la pi\u00e8ce. Les anciens locataires avaient eu la d\u00e9licatesse de laisser enferm\u00e9s pendant 5 ans leurs animaux de compagnie, chats et chiens. R\u00e9sultat : deux ans apr\u00e8s leur d\u00e9part, \u00e7a puait encore !<\/p>\n<p>Sous le plancher bois, le dessus des vo\u00fbtes du rez-de-chauss\u00e9e. C&rsquo;\u00e9tait rempli \u00e0 l&rsquo;ancienne par de la terre. Il a fallu en \u00e9vacuer 10 cm en moyenne tellement elle \u00e9tait impr\u00e9gn\u00e9e. Une fois la pi\u00e8ce d\u00e9barrass\u00e9e de tout ce qui puait, elle a commenc\u00e9 \u00e0 retrouver une odeur normale&#8230;<\/p>\n<table>\n<tr>\n<td align=\"center\" valign=\"bottom\"><a href=\"http:\/\/c.montculier.free.fr\/Maison\/06-10_Travaux_Atelier\/Avant1.JPG\" rel=\"lightbox[Maroc]\"> <img decoding=\"async\" src=\"http:\/\/c.montculier.free.fr\/Maison\/06-10_Travaux_Atelier\/TN_Avant1.JPG\" alt=\"Avant1.JPG\" \/><br \/>\nAu-dessus des vo\u00fbtes<\/a><\/td>\n<td align=\"center\" valign=\"bottom\"><a href=\"http:\/\/c.montculier.free.fr\/Maison\/06-10_Travaux_Atelier\/Avant2.JPG\" rel=\"lightbox[Maroc]\"><br \/>\n<img decoding=\"async\" src=\"http:\/\/c.montculier.free.fr\/Maison\/06-10_Travaux_Atelier\/TN_Avant2.JPG\" alt=\"Avant2.JPG\" \/><br \/>\nla dalle ciment<\/a><\/td>\n<\/tr>\n<\/table>\n<p>La premi\u00e8re \u00e9tape a \u00e9t\u00e9 de refaire les murs. Je les avais gratt\u00e9 pour enlever l&rsquo;enduit ciment, l&rsquo;enduit chaux ou le pl\u00e2tre qui \u00e9tait dessus. L&rsquo;enduit a \u00e9t\u00e9 fait en deux passes : une premi\u00e8re assez grossi\u00e8re pour bien recouvrir le mur, une deuxi\u00e8me un peu plus fine liss\u00e9e \u00e0 la taloche \u00e9ponge quand l&rsquo;enduit commence \u00e0 prendre.<\/p>\n<table>\n<tr>\n<td align=\"center\" valign=\"bottom\"><a href=\"http:\/\/c.montculier.free.fr\/Maison\/06-10_Travaux_Atelier\/Enduit1.JPG\" rel=\"lightbox[Maroc]\"><br \/>\n<img decoding=\"async\" src=\"http:\/\/c.montculier.free.fr\/Maison\/06-10_Travaux_Atelier\/TN_Enduit1.JPG\" alt=\"Enduit1.JPG\" \/><br \/>\nL&rsquo;enduit<\/a><\/td>\n<td align=\"center\" valign=\"bottom\"><a href=\"http:\/\/c.montculier.free.fr\/Maison\/06-10_Travaux_Atelier\/Enduit2.JPG\" rel=\"lightbox[Maroc]\"><br \/>\n<img decoding=\"async\" src=\"http:\/\/c.montculier.free.fr\/Maison\/06-10_Travaux_Atelier\/TN_Enduit2.JPG\" alt=\"Enduit2.JPG\" \/><br \/>\nL&rsquo;enduit<\/a><\/td>\n<\/tr>\n<tr>\n<td align=\"center\" valign=\"bottom\"><a href=\"http:\/\/c.montculier.free.fr\/Maison\/06-10_Travaux_Atelier\/Enduit3.JPG\" rel=\"lightbox[Maroc]\"><br \/>\n<img decoding=\"async\" src=\"http:\/\/c.montculier.free.fr\/Maison\/06-10_Travaux_Atelier\/TN_Enduit3.JPG\" alt=\"Enduit3.JPG\" \/><br \/>\nUn grand mur lisse<br \/>\n<\/a><\/td>\n<td align=\"center\" valign=\"bottom\"><a href=\"http:\/\/c.montculier.free.fr\/Maison\/06-10_Travaux_Atelier\/Enduit4.JPG\" rel=\"lightbox[Maroc]\"><br \/>\n<img decoding=\"async\" src=\"http:\/\/c.montculier.free.fr\/Maison\/06-10_Travaux_Atelier\/TN_Enduit4.JPG\" alt=\"Enduit4.JPG\" \/><br \/>\nChangement de couleur<br \/>\n<\/a><\/td>\n<\/tr>\n<\/table>\n<p>Si l&rsquo;enduit \u00e9tait tr\u00e8s beau par sa structure, j&rsquo;\u00e9tais beaucoup moins convaincue par la couleur. J&rsquo;ai utilis\u00e9 du sable de l&rsquo;Allier pour le faire. Et ce sable est gris&#8230; J&rsquo;ai donc pioch\u00e9 dans mes oxydes de c\u00e9ramique et avec un m\u00e9lange de chaux, d&rsquo;ocre rouge et d&rsquo;ocre jaune, je suis arriv\u00e9e \u00e0 une couleur d&rsquo;enduit bien jolie que le gris b\u00e9ton de d\u00e9part. Cette couleur a \u00e9norm\u00e9ment \u00e9clairci au s\u00e9chage et j&rsquo;ai maintenant un blanc tr\u00e8s l\u00e9g\u00e8rement teint\u00e9 sur les murs.<br \/>\nUne fois que les murs finis, \u00e7a a \u00e9t\u00e9 le tour de la dalle, au-dessus des vo\u00fbtes. Les plus gros creux ont \u00e9t\u00e9 combl\u00e9s avec les gravats provenant de la d\u00e9molition d&rsquo;une chemin\u00e9e dans ne autre pi\u00e8ce. Ensuite, on a \u00e9tal\u00e9 une couche de sable pour finir par une chape l\u00e9g\u00e8re dans laquelle sont cal\u00e9es les lambourdes pour le plancher.<\/p>\n<table align=\"center\">\n<tr>\n<td align=\"center\" valign=\"bottom\"><a href=\"http:\/\/c.montculier.free.fr\/Maison\/06-10_Travaux_Atelier\/Chape.JPG\" rel=\"lightbox[Maroc]\"><br \/>\n<img decoding=\"async\" src=\"http:\/\/c.montculier.free.fr\/Maison\/06-10_Travaux_Atelier\/TN_Chape.JPG\" alt=\"Chape.JPG\" \/><br \/>\nLa chape l\u00e9g\u00e8re<\/a><\/td>\n<\/tr>\n<\/table>\n<p>La phase suivante a \u00e9t\u00e9 de recouvrir un mur et le dessous des fen\u00eatres de planches de bois. J&rsquo;ai achet\u00e9 celles-ci dans une scierie \u00e0 c\u00f4t\u00e9 de chez moi, au m\u00eame prix que du lambris pas cher, pour une autre qualit\u00e9. Seul inconv\u00e9nient, le bois n&rsquo;\u00e9tiat pas sec, ce qui a cr\u00e9\u00e9 des jours entre les planches au fil du temps. La finition, \u00e0 venir, sera un m\u00e9lange d&rsquo;huile de lin et d&rsquo;essence de t\u00e9r\u00e9benthine.<\/p>\n<table>\n<tr>\n<td align=\"center\" valign=\"bottom\"><a href=\"http:\/\/c.montculier.free.fr\/Maison\/06-10_Travaux_Atelier\/Prepabois.JPG\" rel=\"lightbox[Maroc]\"><br \/>\n<img decoding=\"async\" src=\"http:\/\/c.montculier.free.fr\/Maison\/06-10_Travaux_Atelier\/TN_Prepabois.JPG\" alt=\"Prepabois.JPG\" \/><br \/>\nPose des tasseaux<\/a><\/td>\n<td align=\"center\" valign=\"bottom\"><a href=\"http:\/\/c.montculier.free.fr\/Maison\/06-10_Travaux_Atelier\/Bois2.JPG\" rel=\"lightbox[Maroc]\"><br \/>\n<img decoding=\"async\" src=\"http:\/\/c.montculier.free.fr\/Maison\/06-10_Travaux_Atelier\/TN_Bois2.JPG\" alt=\"Bois2.JPG\" \/><br \/>\nLe mur recouvert<\/a><\/td>\n<\/tr>\n<tr>\n<td align=\"center\" valign=\"bottom\"><a href=\"http:\/\/c.montculier.free.fr\/Maison\/06-10_Travaux_Atelier\/Bois3.JPG\" rel=\"lightbox[Maroc]\"><br \/>\n<img decoding=\"async\" src=\"http:\/\/c.montculier.free.fr\/Maison\/06-10_Travaux_Atelier\/TN_Bois3.JPG\" alt=\"Bois3.JPG\" \/><br \/>\nLa pose sous les fen\u00eatres<\/a><\/td>\n<td align=\"center\" valign=\"bottom\"><a href=\"http:\/\/c.montculier.free.fr\/Maison\/06-10_Travaux_Atelier\/Bois5.JPG\" rel=\"lightbox[Maroc]\"><br \/>\n<img decoding=\"async\" src=\"http:\/\/c.montculier.free.fr\/Maison\/06-10_Travaux_Atelier\/TN_Bois5.JPG\" alt=\"Bois5.JPG\" \/><br \/>\nVu d&rsquo;ensemble<\/a><\/td>\n<\/tr>\n<\/table>\n<p>Phase finale : la pose du plancher. J&rsquo;ai choisi des dalles d&rsquo;un mat\u00e9riau dont le nom m&rsquo;\u00e9chappe, qui ressemble \u00e0 de l&rsquo;OBS, mais avec des particules de bois plus fines. Une promo dans un magasin de bricolage. Les dalles sont assez \u00e9troites (60 cm de large, 1,60 m de long) et se posent sur lambourdes. Pour la finition, j&rsquo;ai pass\u00e9 une couche de fondur et trois couches de vitrificateur satin\u00e9 passages intensifs. Avec un an de recul, je me demande si quatre couches n&rsquo;auraient pas \u00e9t\u00e9 mieux. Mais l&rsquo;ensemble rend bien et \u00e7a me fait un bel atelier. Le mois entier pass\u00e9 \u00e0 faire ces travaux n&rsquo;a pas \u00e9t\u00e9 vain&#8230;<\/p>\n<table>\n<tr>\n<td align=\"center\" valign=\"bottom\"><a href=\"http:\/\/c.montculier.free.fr\/Maison\/06-10_Travaux_Atelier\/Plancher01.JPG\" rel=\"lightbox[Maroc]\"><br \/>\n<img decoding=\"async\" src=\"http:\/\/c.montculier.free.fr\/Maison\/06-10_Travaux_Atelier\/TN_Plancher01.JPG\" alt=\"Plancher01.JPG\" \/><br \/>\nPr\u00e9paration de la pose<\/a><\/td>\n<td align=\"center\" valign=\"bottom\"><a href=\"http:\/\/c.montculier.free.fr\/Maison\/06-10_Travaux_Atelier\/Plancher02.JPG\" rel=\"lightbox[Maroc]\"><br \/>\n<img decoding=\"async\" src=\"http:\/\/c.montculier.free.fr\/Maison\/06-10_Travaux_Atelier\/TN_Plancher02.JPG\" alt=\"Plancher01.JPG\" \/><br \/>\nA trois, \u00e7a va vite<\/a><\/td>\n<\/tr>\n<tr>\n<td align=\"center\" valign=\"bottom\"><a href=\"http:\/\/c.montculier.free.fr\/Maison\/06-10_Travaux_Atelier\/Plancher04.JPG\" rel=\"lightbox[Maroc]\"><br \/>\n<img decoding=\"async\" src=\"http:\/\/c.montculier.free.fr\/Maison\/06-10_Travaux_Atelier\/TN_Plancher04.JPG\" alt=\"Plancher04.JPG\" \/><br \/>\nA chacun sa t\u00e2che<\/a><\/td>\n<td align=\"center\" valign=\"bottom\"><a href=\"http:\/\/c.montculier.free.fr\/Maison\/06-10_Travaux_Atelier\/Plancher06.JPG\" rel=\"lightbox[Maroc]\"><br \/>\n<img decoding=\"async\" src=\"http:\/\/c.montculier.free.fr\/Maison\/06-10_Travaux_Atelier\/TN_Plancher06.JPG\" alt=\"Plancher06.JPG\" \/><br \/>\nApr\u00e8s l&rsquo;effort, le r\u00e9confort<\/a><\/td>\n<\/tr>\n<tr>\n<td align=\"center\" valign=\"bottom\"><a href=\"http:\/\/c.montculier.free.fr\/Maison\/06-10_Travaux_Atelier\/Plancher08.JPG\" rel=\"lightbox[Maroc]\"><br \/>\n<img decoding=\"async\" src=\"http:\/\/c.montculier.free.fr\/Maison\/06-10_Travaux_Atelier\/TN_Plancher08.JPG\" alt=\"Plancher08.JPG\" \/><br \/>\nUne fois termin\u00e9<\/a><\/td>\n<td align=\"center\" valign=\"bottom\"><a href=\"http:\/\/c.montculier.free.fr\/Maison\/06-10_Travaux_Atelier\/Install_03.JPG\" rel=\"lightbox[Maroc]\"><br \/>\n<img decoding=\"async\" src=\"http:\/\/c.montculier.free.fr\/Maison\/06-10_Travaux_Atelier\/TN_Install_03.JPG\" alt=\"Install_03.JPG\" \/><br \/>\nVue de l&rsquo;autre c\u00f4t\u00e9<\/a><\/td>\n<\/tr>\n<tr>\n<td align=\"center\" valign=\"bottom\"><a href=\"http:\/\/c.montculier.free.fr\/Maison\/06-10_Travaux_Atelier\/Install_05.JPG\" rel=\"lightbox[Maroc]\"><br \/>\n<img decoding=\"async\" src=\"http:\/\/c.montculier.free.fr\/Maison\/06-10_Travaux_Atelier\/TN_Install_05.JPG\" alt=\"Install_05.JPG\" \/><br \/>\nMon tour dans son nouvel environnement<\/a><\/td>\n<td align=\"center\" valign=\"bottom\"><a href=\"http:\/\/c.montculier.free.fr\/Maison\/06-10_Travaux_Atelier\/Install_06.JPG\" rel=\"lightbox[Maroc]\"><br \/>\n<img decoding=\"async\" src=\"http:\/\/c.montculier.free.fr\/Maison\/06-10_Travaux_Atelier\/TN_Install_06.JPG\" alt=\"Install_06.JPG\" \/><br \/>\nUne premi\u00e8re installation<\/a><\/td>\n<\/tr>\n<\/table>\n","protected":false},"excerpt":{"rendered":"<p>Pour octobre, j\u2019avais pr\u00e9vu de prendre quelques vacances. De partir loin, de m\u2019a\u00e9rer le cerveau. Mais une ann\u00e9e pass\u00e9e \u00e0 travailler dans un atelier indigne &hellip; <\/p>\n","protected":false},"author":1,"featured_media":0,"comment_status":"closed","ping_status":"closed","sticky":false,"template":"","format":"standard","meta":{"footnotes":""},"categories":[4],"tags":[],"class_list":["post-42","post","type-post","status-publish","format-standard","hentry","category-maison-et-travaux","has-meta"],"_links":{"self":[{"href":"https:\/\/titeroute.org\/index.php?rest_route=\/wp\/v2\/posts\/42","targetHints":{"allow":["GET"]}}],"collection":[{"href":"https:\/\/titeroute.org\/index.php?rest_route=\/wp\/v2\/posts"}],"about":[{"href":"https:\/\/titeroute.org\/index.php?rest_route=\/wp\/v2\/types\/post"}],"author":[{"embeddable":true,"href":"https:\/\/titeroute.org\/index.php?rest_route=\/wp\/v2\/users\/1"}],"replies":[{"embeddable":true,"href":"https:\/\/titeroute.org\/index.php?rest_route=%2Fwp%2Fv2%2Fcomments&post=42"}],"version-history":[{"count":0,"href":"https:\/\/titeroute.org\/index.php?rest_route=\/wp\/v2\/posts\/42\/revisions"}],"wp:attachment":[{"href":"https:\/\/titeroute.org\/index.php?rest_route=%2Fwp%2Fv2%2Fmedia&parent=42"}],"wp:term":[{"taxonomy":"category","embeddable":true,"href":"https:\/\/titeroute.org\/index.php?rest_route=%2Fwp%2Fv2%2Fcategories&post=42"},{"taxonomy":"post_tag","embeddable":true,"href":"https:\/\/titeroute.org\/index.php?rest_route=%2Fwp%2Fv2%2Ftags&post=42"}],"curies":[{"name":"wp","href":"https:\/\/api.w.org\/{rel}","templated":true}]}}