{"id":437,"date":"2009-12-07T23:51:09","date_gmt":"2009-12-07T21:51:09","guid":{"rendered":"http:\/\/titeroute.org\/?p=437"},"modified":"2010-12-07T03:05:50","modified_gmt":"2010-12-07T01:05:50","slug":"vacances-dans-le-jura-jour-3","status":"publish","type":"post","link":"https:\/\/titeroute.org\/?p=437","title":{"rendered":"Vacances dans le Jura, jour 3"},"content":{"rendered":"<p>Pour la troisi\u00e8me journ\u00e9e, changement de programme, on laisse tomber les b\u00eates \u00e0 poil pour aller voir des trucs \u00e0 plumes et on \u00e9change la neige contre de l&rsquo;eau, \u00e0 notre grand regret.<br \/>\nDirection les cascades du H\u00e9risson, sous un ciel tristounet et bien peu photog\u00e9nique. De plus, je suis la seule \u00e0 ne pas \u00eatre \u00e9quip\u00e9e d&rsquo;un pied photo. Pour prendre des cascades en photo, avec peu de lumi\u00e8re, \u00e7a se r\u00e9v\u00e8le g\u00eanant, je n&rsquo;aurais pas comme mes petits camarades des photos de cascades avec de beaux fil\u00e9s d&rsquo;eau (non, il n&rsquo;y a pas de faute d&rsquo;orthographe).<br \/>\nOn attaque les cascades par le haut, pour y aller progressivement, de la plus petite \u00e0 la plus grande. La m\u00e9t\u00e9o nous a promis un temps d\u00e9gueu, nous avons pr\u00e9vu de quoi nous prot\u00e9ger de la pluie et nous nous attendons \u00e0 passer une matin\u00e9e tr\u00e8s humide.<\/p>\n<table border=\"0\" align=\"center\">\n<tbody>\n<tr>\n<td align=\"center\" valign=\"center\"><a rel=\"lightbox[balade]\" href=\"http:\/\/titeroute.org\/Vacances\/2009\/11_WE_Alphadxd\/Jour03_01.jpg\"><img decoding=\"async\" src=\"http:\/\/titeroute.org\/Vacances\/2009\/11_WE_Alphadxd\/TN_Jour03_01.jpg\" alt=\"Premi\u00e8re cascade\" \/><br \/>\nPremi\u00e8re cascade<br \/>\n<\/a><\/td>\n<td align=\"center\" valign=\"center\"><a rel=\"lightbox[balade]\" href=\"http:\/\/titeroute.org\/Vacances\/2009\/11_WE_Alphadxd\/Jour03_04.jpg\"><img decoding=\"async\" src=\"http:\/\/titeroute.org\/Vacances\/2009\/11_WE_Alphadxd\/TN_Jour03_04.jpg\" alt=\"Vue depuis le haut de la grande cascade\" \/><br \/>\nDepuis la grande cascade<br \/>\n<\/a><\/td>\n<\/tr>\n<tr>\n<td align=\"center\" valign=\"center\"><a rel=\"lightbox[balade]\" href=\"http:\/\/titeroute.org\/Vacances\/2009\/11_WE_Alphadxd\/Jour03_07.jpg\"><img decoding=\"async\" src=\"http:\/\/titeroute.org\/Vacances\/2009\/11_WE_Alphadxd\/TN_Jour03_07.jpg\" alt=\"La grande cascade\" \/><br \/>\nLa grande cascade<br \/>\n<\/a><\/td>\n<td align=\"center\" valign=\"center\"><a rel=\"lightbox[balade]\" href=\"http:\/\/titeroute.org\/Vacances\/2009\/11_WE_Alphadxd\/Jour03_03.jpg\"><img decoding=\"async\" src=\"http:\/\/titeroute.org\/Vacances\/2009\/11_WE_Alphadxd\/TN_Jour03_03.jpg\" alt=\"Mes camarades de jeu les pieds dans l'eau\" \/><br \/>\nLes pieds dans l&rsquo;eau<br \/>\n<\/a><\/td>\n<\/tr>\n<\/tbody>\n<\/table>\n<p>N&rsquo;ayant pas le mat\u00e9riel n\u00e9cessaire, ni la patience pour \u00eatre franche, j&rsquo;ai laiss\u00e9 les oiseaux tranquilles et j&rsquo;ai plut\u00f4t traqu\u00e9 les feuilles mortes, nettement moins mobiles mais pas forc\u00e9ment faciles \u00e0 photographier non plus, surtout sous un ciel tout gris.<\/p>\n<table border=\"0\" align=\"center\">\n<tbody>\n<tr>\n<td align=\"center\" valign=\"center\"><a rel=\"lightbox[balade]\" href=\"http:\/\/titeroute.org\/Vacances\/2009\/11_WE_Alphadxd\/Jour03_02.jpg\"><img decoding=\"async\" src=\"http:\/\/titeroute.org\/Vacances\/2009\/11_WE_Alphadxd\/TN_Jour03_02.jpg\" alt=\"Reflets dans une flaque\" \/><br \/>\nReflets dans une flaque<br \/>\n<\/a><\/td>\n<td align=\"center\" valign=\"center\"><a rel=\"lightbox[balade]\" href=\"http:\/\/titeroute.org\/Vacances\/2009\/11_WE_Alphadxd\/Jour03_05.jpg\"><img decoding=\"async\" src=\"http:\/\/titeroute.org\/Vacances\/2009\/11_WE_Alphadxd\/TN_Jour03_05.jpg\" alt=\"Tortillon\" \/><br \/>\nTortillon<br \/>\n<\/a><\/td>\n<td align=\"center\" valign=\"center\"><a rel=\"lightbox[balade]\" href=\"http:\/\/titeroute.org\/Vacances\/2009\/11_WE_Alphadxd\/Jour03_06.jpg\"><img decoding=\"async\" src=\"http:\/\/titeroute.org\/Vacances\/2009\/11_WE_Alphadxd\/TN_Jour03_06.jpg\" alt=\"Reflets m\u00e9talliques\" \/><br \/>\nReflets m\u00e9talliques<br \/>\n<\/a><\/td>\n<\/tr>\n<\/tbody>\n<\/table>\n<p>Cette derni\u00e8re photo est une de mes pr\u00e9f\u00e9r\u00e9es, les feuilles \u00e0 moiti\u00e9 tremp\u00e9es,  l&rsquo;eau qui court sur le sol, le reflet du ciel.<br \/>\nAu final, les pr\u00e9visions m\u00e9t\u00e9o se sont plant\u00e9es (une fois de plus), il n&rsquo;y a eu que quelques gouttes de pluie sur la fin de la balade, tr\u00e8s jolie au demeurant, mais \u00e0 refaire avec un peu plus de soleil.<br \/>\nPause du midi dans un restaurant proche, <a href=\"http:\/\/www.eolienne.net\/restaurant.htm#\">l&rsquo;Eolienne<\/a>, tr\u00e8s bon (notamment le dessert \u00e0 base de figues, d&rsquo;orange confite et de croustillant).<br \/>\nPuis nous prenons la route du refuge de ce soir. Fabien nous a trouv\u00e9 un petit coin de paradis en altitude pour passer la nuit.<\/p>\n<table border=\"0\" align=\"center\">\n<tbody>\n<tr>\n<td align=\"center\" valign=\"center\"><a rel=\"lightbox[balade]\" href=\"http:\/\/titeroute.org\/Vacances\/2009\/11_WE_Alphadxd\/Jour03_08.jpg\"><img decoding=\"async\" src=\"http:\/\/titeroute.org\/Vacances\/2009\/11_WE_Alphadxd\/TN_Jour03_08.jpg\" alt=\"Au volant\" \/><br \/>\nAu volant<br \/>\n<\/a><\/td>\n<\/tr>\n<\/tbody>\n<\/table>\n<p>Quelques courses plus tard, nous entamons la mont\u00e9e au refuge, dans une neige \u00e9paisse et sous les flocons qui commencent \u00e0 tomber, lest\u00e9s de quelques kilos de patates, de pots de cancoillotte, des saucisses de Morteaux et de quoi accompagner le tout.<\/p>\n<table border=\"0\" align=\"center\">\n<tbody>\n<tr>\n<td align=\"center\" valign=\"center\"><a rel=\"lightbox[balade]\" href=\"http:\/\/titeroute.org\/Vacances\/2009\/11_WE_Alphadxd\/Jour03_09.jpg\"><img decoding=\"async\" src=\"http:\/\/titeroute.org\/Vacances\/2009\/11_WE_Alphadxd\/TN_Jour03_09.jpg\" alt=\"Cheminement\" \/><br \/>\nCheminement<br \/>\n<\/a><\/td>\n<td align=\"center\" valign=\"center\"><a rel=\"lightbox[balade]\" href=\"http:\/\/titeroute.org\/Vacances\/2009\/11_WE_Alphadxd\/Jour03_10.jpg\"><img decoding=\"async\" src=\"http:\/\/titeroute.org\/Vacances\/2009\/11_WE_Alphadxd\/TN_Jour03_10.jpg\" alt=\"Toujours aussi grands, ces arbres\" \/><br \/>\nG\u00e9ants<br \/>\n<\/a><\/td>\n<td align=\"center\" valign=\"center\"><a rel=\"lightbox[balade]\" href=\"http:\/\/titeroute.org\/Vacances\/2009\/11_WE_Alphadxd\/Jour03_11.jpg\"><img decoding=\"async\" src=\"http:\/\/titeroute.org\/Vacances\/2009\/11_WE_Alphadxd\/TN_Jour03_11.jpg\" alt=\"Charg\u00e9s de neige\" \/><br \/>\nCharg\u00e9s de neige<br \/>\n<\/a><\/td>\n<\/tr>\n<\/tbody>\n<\/table>\n<p>Apr\u00e8s une petite su\u00e9e pour notre organisateur, qui a eu peur de ne pas retrouver le refuge dans ce paysage m\u00e9tamorphos\u00e9 par la neige \u00e0 la nuit tombante, et pour nous qui avons d\u00fb suivre le rythme qu&rsquo;il avait du coup l\u00e9g\u00e8rement acc\u00e9l\u00e9r\u00e9, nous sommes arriv\u00e9s \u00e0 bon refuge.<br \/>\nLa neige s&rsquo;est mise \u00e0 tomber doucement, le feu est allum\u00e9 dans le po\u00eale. Nous nous installons pour une belle soir\u00e9e.<\/p>\n<table border=\"0\" align=\"center\">\n<tbody>\n<tr>\n<td align=\"center\" valign=\"center\"><a rel=\"lightbox[balade]\" href=\"http:\/\/titeroute.org\/Vacances\/2009\/11_WE_Alphadxd\/Jour03_12.jpg\"><img decoding=\"async\" src=\"http:\/\/titeroute.org\/Vacances\/2009\/11_WE_Alphadxd\/TN_Jour03_12.jpg\" alt=\"Belle perspective\" \/><br \/>\nBelle perspective<br \/>\n<\/a><\/td>\n<\/tr>\n<\/tbody>\n<\/table>\n<p>(A suivre)<\/p>\n","protected":false},"excerpt":{"rendered":"<p>Pour la troisi\u00e8me journ\u00e9e, changement de programme, on laisse tomber les b\u00eates \u00e0 poil pour aller voir des trucs \u00e0 plumes et on \u00e9change la &hellip; <\/p>\n","protected":false},"author":1,"featured_media":0,"comment_status":"closed","ping_status":"closed","sticky":false,"template":"","format":"standard","meta":{"footnotes":""},"categories":[16,6,8],"tags":[],"class_list":["post-437","post","type-post","status-publish","format-standard","hentry","category-histoires","category-02_photos","category-un-peu-dair-pur","has-meta"],"_links":{"self":[{"href":"https:\/\/titeroute.org\/index.php?rest_route=\/wp\/v2\/posts\/437","targetHints":{"allow":["GET"]}}],"collection":[{"href":"https:\/\/titeroute.org\/index.php?rest_route=\/wp\/v2\/posts"}],"about":[{"href":"https:\/\/titeroute.org\/index.php?rest_route=\/wp\/v2\/types\/post"}],"author":[{"embeddable":true,"href":"https:\/\/titeroute.org\/index.php?rest_route=\/wp\/v2\/users\/1"}],"replies":[{"embeddable":true,"href":"https:\/\/titeroute.org\/index.php?rest_route=%2Fwp%2Fv2%2Fcomments&post=437"}],"version-history":[{"count":8,"href":"https:\/\/titeroute.org\/index.php?rest_route=\/wp\/v2\/posts\/437\/revisions"}],"predecessor-version":[{"id":1031,"href":"https:\/\/titeroute.org\/index.php?rest_route=\/wp\/v2\/posts\/437\/revisions\/1031"}],"wp:attachment":[{"href":"https:\/\/titeroute.org\/index.php?rest_route=%2Fwp%2Fv2%2Fmedia&parent=437"}],"wp:term":[{"taxonomy":"category","embeddable":true,"href":"https:\/\/titeroute.org\/index.php?rest_route=%2Fwp%2Fv2%2Fcategories&post=437"},{"taxonomy":"post_tag","embeddable":true,"href":"https:\/\/titeroute.org\/index.php?rest_route=%2Fwp%2Fv2%2Ftags&post=437"}],"curies":[{"name":"wp","href":"https:\/\/api.w.org\/{rel}","templated":true}]}}