{"id":47,"date":"2006-11-23T23:14:45","date_gmt":"2006-11-23T21:14:45","guid":{"rendered":"http:\/\/c.montculier.free.fr\/wordpress\/?p=15"},"modified":"2010-12-07T03:10:53","modified_gmt":"2010-12-07T01:10:53","slug":"cr-colleuse-daffiches","status":"publish","type":"post","link":"https:\/\/titeroute.org\/?p=47","title":{"rendered":"[CR] Colleuse d\u2019affiches"},"content":{"rendered":"<p>Yop tout le monde,<\/p>\n<p>Apr\u00e8s avoir \u00e9t\u00e9 commerciale, je me suis transform\u00e9e ce matin en colleuse d&rsquo;affiches (c&rsquo;est pour un march\u00e9 de potiers \u00e0 Montferrand les 2 et 3 d\u00e9cembre, hop, la pub, c&rsquo;est fait, c&rsquo;est bon, je passe \u00e0 la suite).<\/p>\n<p>Comme D\u00e9D\u00e9 a dit que par nos contr\u00e9es \u00e7a caille, j&rsquo;ai mis le pantalon cordura, le blouson d&rsquo;hiver et les gants mi-saison. Vu qu&rsquo;il faut que je sillonne tous les petits villages aux alentours de chez moi, je prends mon v\u00e9hicule \u00e9conomique pr\u00e9f\u00e9r\u00e9 et zou, j&rsquo;y vais. Pour me guider : la carte et mon GPS pr\u00e9f\u00e9r\u00e9 \u00e0 moi que j&rsquo;ai. Au d\u00e9but, je suis sage : Parentignat, Usson, Sauxillanges. Puis je file au moulin de Civadoux, mon restau pr\u00e9f\u00e9r\u00e9. Une fois donn\u00e9 l&rsquo;affiche \u00e0 Sophie, j&rsquo;h\u00e9site. Ma carte me dit de retourner sur Sauxillanges. Mon GPS me dit que ce serait bien de continuer dans la vall\u00e9e. Comme il parait que nous, les femmes, ont a un sixi\u00e8me sens, je d\u00e9cide de suivre mon instinct et de suivre la petite rivi\u00e8re qui serpente<br \/>\nentre les arbres et que la route suis langoureusement. C&rsquo;est joli, c&rsquo;est vraiment joli \u00e0 l&rsquo;automne, avec les tapis de feuilles qui d\u00e9corent le sol des sous-bois, les arbres qui commencent \u00e0 se d\u00e9nuder de leur parure flaboyante. La route, parsem\u00e9e de gravillons en paquets \u00e9pais et de feuilles mortes en tapis moelleux, n&rsquo;incite pas \u00e0 mettre gaz, mais je m&rsquo;en fous, c&rsquo;est beau.<\/p>\n<p>A St Genest la Tourette, je prends direction St Germain l&rsquo;Herm. C&rsquo;est un peu plus loin que le secteur que je suis cens\u00e9e couvrir. Mais bon, vaut mieux qu&rsquo;il y a des affiches partout, non ? Je monte en altitude, il fait toujours aussi peu froid. Le ciel h\u00e9site : noir par endroits, bleu \u00e0 d&rsquo;autres. Par l\u00e0-haut, j&rsquo;ai une vue sur la vall\u00e9e de l&rsquo;Allier, avec les Monts Dore et le Sancy en arri\u00e8re plan. Les couleurs sont extraordinaires: le soleil jette une lueur p\u00e2le sur les champs verts et bruns, les for\u00eats jaune et rouille, les montagnes sombres au fond qui se d\u00e9coupent sur un ciel blanc. La route s&rsquo;am\u00e9liore, plus large, moins de gravillons, moins de feuilles, juste encore mouill\u00e9e. Je repars vers Fournols, Echandelys, Brousse. La route commence m\u00eame \u00e0 \u00eatre s\u00e8che par endroits. Sug\u00e8res, Manglieu, je me rapproche de chez moi. Dans un village, je vois l&rsquo;heure sur une \u00e9glise. Midi, il est temps que je rentre. Des bols m&rsquo;attendent \u00e0 l&rsquo;atelier. Mais je me dis qu&rsquo;il ne va pas faire un aussi beau temps \u00e9ternellement, que les routes sont de plus en plus s\u00e8ches et que j&rsquo;ai encore quelques affiches \u00e0 coller.<br \/>\nDu coup, je crois que je vais aller finir mes bols vite fait et repartir en collage. Je n&rsquo;ai pas fait du c\u00f4t\u00e9 de St Germain Lembron, Jumeau, Auzon ce matin :o)<\/p>\n<p>&#8212;<br \/>\nCorinne &lsquo;tite route<br \/>\n&#8212;<br \/>\nLe bonheur n&rsquo;est pas dans le pr\u00e9, il est sur la route<\/p>\n","protected":false},"excerpt":{"rendered":"<p>Yop tout le monde, Apr\u00e8s avoir \u00e9t\u00e9 commerciale, je me suis transform\u00e9e ce matin en colleuse d&rsquo;affiches (c&rsquo;est pour un march\u00e9 de potiers \u00e0 Montferrand &hellip; <\/p>\n","protected":false},"author":1,"featured_media":0,"comment_status":"closed","ping_status":"closed","sticky":false,"template":"","format":"standard","meta":{"footnotes":""},"categories":[16,5],"tags":[],"class_list":["post-47","post","type-post","status-publish","format-standard","hentry","category-histoires","category-01_moto","has-meta"],"_links":{"self":[{"href":"https:\/\/titeroute.org\/index.php?rest_route=\/wp\/v2\/posts\/47","targetHints":{"allow":["GET"]}}],"collection":[{"href":"https:\/\/titeroute.org\/index.php?rest_route=\/wp\/v2\/posts"}],"about":[{"href":"https:\/\/titeroute.org\/index.php?rest_route=\/wp\/v2\/types\/post"}],"author":[{"embeddable":true,"href":"https:\/\/titeroute.org\/index.php?rest_route=\/wp\/v2\/users\/1"}],"replies":[{"embeddable":true,"href":"https:\/\/titeroute.org\/index.php?rest_route=%2Fwp%2Fv2%2Fcomments&post=47"}],"version-history":[{"count":1,"href":"https:\/\/titeroute.org\/index.php?rest_route=\/wp\/v2\/posts\/47\/revisions"}],"predecessor-version":[{"id":1068,"href":"https:\/\/titeroute.org\/index.php?rest_route=\/wp\/v2\/posts\/47\/revisions\/1068"}],"wp:attachment":[{"href":"https:\/\/titeroute.org\/index.php?rest_route=%2Fwp%2Fv2%2Fmedia&parent=47"}],"wp:term":[{"taxonomy":"category","embeddable":true,"href":"https:\/\/titeroute.org\/index.php?rest_route=%2Fwp%2Fv2%2Fcategories&post=47"},{"taxonomy":"post_tag","embeddable":true,"href":"https:\/\/titeroute.org\/index.php?rest_route=%2Fwp%2Fv2%2Ftags&post=47"}],"curies":[{"name":"wp","href":"https:\/\/api.w.org\/{rel}","templated":true}]}}