{"id":49,"date":"2007-01-17T23:13:39","date_gmt":"2007-01-17T21:13:39","guid":{"rendered":"http:\/\/c.montculier.free.fr\/wordpress\/?p=14"},"modified":"2010-12-07T03:10:40","modified_gmt":"2010-12-07T01:10:40","slug":"cr-en-passant","status":"publish","type":"post","link":"https:\/\/titeroute.org\/?p=49","title":{"rendered":"[CR en passant]"},"content":{"rendered":"<p>Salut tout le monde,<\/p>\n<p>Un petit CR, comme \u00e7a, en passant.<\/p>\n<p>J&rsquo;ai fait une petite balade avant hier, en rentrant d&rsquo;une r\u00e9union. Je suis all\u00e9e me perdre derri\u00e8re Issoire, entre les vall\u00e9es des Couze (les rivi\u00e8res qui descendent du Sancy). Ca faisait un moment que je n&rsquo;avais pas sorti la moto. C&rsquo;est marrant cette sensation de m&#8217;embo\u00eeter sur la SV et le bonheur d&rsquo;entendre le bruit familier du moteur. Le matin, j&rsquo;avais eu droit au brouillard bas en montant sur Clermont. Je pr\u00e9cise bas, parce que d\u00e8s qu&rsquo;on montait un peu en hauteur, c&rsquo;\u00e9tait grand soleil et d\u00e8s que l&rsquo;autoroute repiquait sur une vall\u00e9e, c&rsquo;\u00e9tait une plong\u00e9e dans le brouillard. Je suis arriv\u00e9e \u00e0 mon RDV tremp\u00e9e et congel\u00e9e. Mais le soir, c&rsquo;\u00e9tait d\u00e9j\u00e0 plus chaud et d\u00e9gag\u00e9.<br \/>\nJe me suis vraiment fait plaisir en juste une heure de roulage, au soleil couchant, d\u00e9cidant de la route \u00e0 prendre en fonction du nom des villages et de l&rsquo;orientation de la route. J&rsquo;ai roul\u00e9 vers l&rsquo;ouest pendant un moment, parce que les routes avaient l&rsquo;air sympa. Quand le soleil a commenc\u00e9 \u00e0 se rapprocher de l&rsquo;horizon, j&rsquo;ai pris la direction inverse. Les paysages par l\u00e0-bas sont magnifiques, avec des vues par moments sur la vall\u00e9e de l&rsquo;Allier et Issoire nich\u00e9e au fond. J&rsquo;aime beaucoup les couleurs de l&rsquo;hiver, les champs recouverts d&rsquo;herbe s\u00e8che, les arbres aux silhouettes d\u00e9pouill\u00e9es. Cette balade m&rsquo;a rappel\u00e9 pour quelles raisons je suis venue dans la r\u00e9gion et que je n&rsquo;en profite pas assez. Tiens, ce soir, si le ciel est assez d\u00e9gag\u00e9, j&rsquo;irai bien voir le coucher de soleil vers ma petite Vierge.<\/p>\n<p>&#8212;<br \/>\nCorinne &lsquo;tite route<\/p>\n","protected":false},"excerpt":{"rendered":"<p>Salut tout le monde, Un petit CR, comme \u00e7a, en passant. J&rsquo;ai fait une petite balade avant hier, en rentrant d&rsquo;une r\u00e9union. Je suis all\u00e9e &hellip; <\/p>\n","protected":false},"author":1,"featured_media":0,"comment_status":"closed","ping_status":"closed","sticky":false,"template":"","format":"standard","meta":{"footnotes":""},"categories":[16,5],"tags":[],"class_list":["post-49","post","type-post","status-publish","format-standard","hentry","category-histoires","category-01_moto","has-meta"],"_links":{"self":[{"href":"https:\/\/titeroute.org\/index.php?rest_route=\/wp\/v2\/posts\/49","targetHints":{"allow":["GET"]}}],"collection":[{"href":"https:\/\/titeroute.org\/index.php?rest_route=\/wp\/v2\/posts"}],"about":[{"href":"https:\/\/titeroute.org\/index.php?rest_route=\/wp\/v2\/types\/post"}],"author":[{"embeddable":true,"href":"https:\/\/titeroute.org\/index.php?rest_route=\/wp\/v2\/users\/1"}],"replies":[{"embeddable":true,"href":"https:\/\/titeroute.org\/index.php?rest_route=%2Fwp%2Fv2%2Fcomments&post=49"}],"version-history":[{"count":1,"href":"https:\/\/titeroute.org\/index.php?rest_route=\/wp\/v2\/posts\/49\/revisions"}],"predecessor-version":[{"id":1066,"href":"https:\/\/titeroute.org\/index.php?rest_route=\/wp\/v2\/posts\/49\/revisions\/1066"}],"wp:attachment":[{"href":"https:\/\/titeroute.org\/index.php?rest_route=%2Fwp%2Fv2%2Fmedia&parent=49"}],"wp:term":[{"taxonomy":"category","embeddable":true,"href":"https:\/\/titeroute.org\/index.php?rest_route=%2Fwp%2Fv2%2Fcategories&post=49"},{"taxonomy":"post_tag","embeddable":true,"href":"https:\/\/titeroute.org\/index.php?rest_route=%2Fwp%2Fv2%2Ftags&post=49"}],"curies":[{"name":"wp","href":"https:\/\/api.w.org\/{rel}","templated":true}]}}