{"id":50,"date":"2007-03-05T22:36:28","date_gmt":"2007-03-05T20:36:28","guid":{"rendered":"http:\/\/c.montculier.free.fr\/wordpress\/?p=8"},"modified":"2010-12-07T03:10:37","modified_gmt":"2010-12-07T01:10:37","slug":"tp07-quest-ce-que-cetait-bon","status":"publish","type":"post","link":"https:\/\/titeroute.org\/?p=50","title":{"rendered":"[TP07] Qu\u2019est ce que c\u2019\u00e9tait bon !"},"content":{"rendered":"<p>Souvenirs de la Tromph Partie 2007<\/p>\n<p>Vendredi, le d\u00e9part. Pascal et Pierre sont arriv\u00e9s \u00e0 la veille. Dodo pas t\u00f4t, parce que Pierre est bavard (&lsquo;et encore, il est pire d&rsquo;habitude&rsquo; me glisse Pascal \u00e0 un moment), que je ne suis pas mieux et que Pascal n&rsquo;est pas en reste. Programme pr\u00e9vu : d\u00e9coller pas trop tard direction St Nectaire, o\u00f9 j&rsquo;ai une livraison de tracts \u00e0 faire, passage \u00e0 Besse, peut-\u00eatre le Mont Dore puis voir comment on fait dans la foul\u00e9e pour arriver en Ard\u00e8che. Donc on d\u00e9colle laborieusement \u00e0 midi ou quelque chose comme \u00e7a, je ne sais plus bien. Je livre mes tracts, on va \u00e0 Besse o\u00f9 on s&rsquo;arr\u00eate manger un bout. Ca doit bien faire deux heures qu&rsquo;on n&rsquo;a pas mang\u00e9, c&rsquo;est inhumain un tel rythme. Il est tard, mais le cuistot est sympa: on peut prendre ce qu&rsquo;on veut \u00e0 la carte. Du coup, Pascal se goinfre d&rsquo;un aligot avec des tripoux&#8230; Pierre teste l&rsquo;aligot tout seul. Pour moi, ce sera une cr\u00eape (enfin, deux si on compte celle du dessert&#8230;).<\/p>\n<p>R\u00e9sultat, \u00e0 16h, on se dit que ce serait bien d&rsquo;y aller pour de vrai. Sur la carte, j&rsquo;ai rep\u00e9r\u00e9 une route sympa pour rejoindre l&rsquo;Ard\u00e8che, qui nous fait traverser le C\u00e9zallier. Mais bon, il est tard, il fait pas hyper chaud, pas tr\u00e8s beau non plus. Allez, on se la joue lopettes et on rejoint Issoire, Brioude, Le Puy par les grandes routes.<\/p>\n<p>A un arr\u00eat, Pierre me demande si j&rsquo;ai envie d&rsquo;essayer son Tiger. Diable, moi qui me demandait comment j&rsquo;allais pouvoir formuler la chose au cours du we, vl&rsquo;at&rsquo;y pas qu&rsquo;elle me tombe toute cuite dans le bec. Va pour l&rsquo;essai du Tiger. Si j&rsquo;\u00e9tais un motard, je vous parlerai du fabuleux trois cylindres, des reprises du moteur et blablabli et blablabla. Mais voil\u00e0, je suis moi, je ne connais quasiment que ma SV, j&rsquo;ai pas l&rsquo;habitude de prendre les motos des autres. Donc, hormis la conduite de la b\u00eate \u00e0 basse vitesse dans les ronds-points, mon principal probl\u00e8me sur le Tiger : c&rsquo;est comment qu&rsquo;on s&rsquo;asseoit sur cette br\u00eale ?? Sur ma SV, je suis cal\u00e9e de traviole, une demi-fesse gauche sortie, plus lourde que l&rsquo;autre (c) Flyben, d\u00e9j\u00e0 pr\u00eate au d\u00e9hanchement pour les virages \u00e0 gauche. Alors que l\u00e0, sur le Tiger, j&rsquo;y arrive pas. Du coup, pendant les quelques kilom\u00e8tres parcourus, j&rsquo;ai pass\u00e9 mon temps \u00e0 gigoter sur la selle pour essayer de trouver une position o\u00f9 je suis \u00e0 l&rsquo;aise. Je n&rsquo;y suis pas arriv\u00e9e, donc je n&rsquo;ai pas eu le temps de me concentrer sur ce que pouvait bien donner le moteur.<\/p>\n<p>A la Chavade, je r\u00e9cup\u00e8re ma moto, \u00e7a devient viroleux et d\u00e9j\u00e0 que je me tra\u00eene avec la SV, l\u00e0, je vais franchement retarder mes petits camarades si je garde le Tiger. J&rsquo;ai bien fait, on est arriv\u00e9s au g\u00eete pile poil pour l&rsquo;ap\u00e9ro. Je ne sais plus trop ce que j&rsquo;ai bu \u00e0 l&rsquo;ap\u00e9ro, en revanche, je me souviens tr\u00e8s bien du vin au repas. Il faut dire que son nom (Assemblage de mes deux), sa provenance (de l&rsquo;autre c\u00f4t\u00e9 des Alpes) et la pr\u00e9sence de deux Suisses \u00e0 la table a provoqu\u00e9 une association d&rsquo;id\u00e9es que j&rsquo;ai commenc\u00e9 \u00e0 visualiser. Je vous rassure, j&rsquo;ai tr\u00e8s vite arr\u00eat\u00e9. Mais le traumatisme \u00e9tait d&rsquo;autant plus grand qu&rsquo;il intervenait apr\u00e8s une autre tentative de visualisation, je ne sais plus sous quel pr\u00e9texte, d&rsquo;Haroun avec une paire<br \/>\nde seins&#8230;<\/p>\n<p>Bref, la soir\u00e9e \u00e9tait sympathique, le d\u00eener bon, la conversation l\u00e9g\u00e8re et les convives enjou\u00e9s. C&rsquo;est apr\u00e8s que \u00e7a s&rsquo;est g\u00e2t\u00e9, quand je suis all\u00e9e me coucher&#8230; Pourtant, \u00e7a commen\u00e7ait bien vu que c&rsquo;est l\u00e0 que je me suis rendue compte que Didier occupait le lit juste en-dessous du mien. J&rsquo;ai bien tent\u00e9 une approche discr\u00e8te en lui envoyant direct deux lattes sur la tronche. Gentil comme il est, il a remis les lattes en place sans rien dire. Caramba, rat\u00e9. C&rsquo;est en fabricant un oreiller artisanal avec mon pull que le drame s&rsquo;est jou\u00e9 : j&rsquo;ai l\u00e2ch\u00e9 un de mes bouchons d&rsquo;oreilles, qui a ce moment \u00e9tait dans ma main. J&rsquo;ai bien palp\u00e9 le matelas, mais je ne l&rsquo;ai pas retrouv\u00e9. Je me suis dit qu&rsquo;il \u00e9tait peut \u00eatre tomb\u00e9 sur le lit de dessous, mais je n&rsquo;ai pas os\u00e9 aller palper&#8230; On va mettre sur le compte de la pleine lune, en plus de la chaleur de la chambre et des ronflements de mes voisins le fait que je n&rsquo;ai pas r\u00e9ussi \u00e0 dormir tout \u00e0 fait tout de suite. Je suis all\u00e9e faire un petit tour dehors, histoire de me rafra\u00eechir les id\u00e9es, vers 4 heures. Je n&rsquo;aurais peut \u00eatre pas d\u00fb. Parce qu&rsquo;en me recouchant, les deux lattes que Didier avait (mal?) remises en place sont retomb\u00e9es. A la premi\u00e8re, il a bien boug\u00e9 un peu et l&rsquo;a mise par terre. La deuxi\u00e8me, je l&rsquo;ai entendu tomber avec un bruit sourd sur le duvet et puis rien&#8230; Comme j&rsquo;ai eu peur de l&rsquo;avoir assomm\u00e9, je n&rsquo;ai pas os\u00e9 r\u00e9veiller Didier pour lui demander de remettre mes lattes en place. Du coup, j&rsquo;ai dormi le cul dans une cuvette sans eau. Et franchement, ce n&rsquo;est pas tr\u00e8s agr\u00e9able&#8230;<\/p>\n<p>Samedi matin, roulage (l\u00e0, j&rsquo;ai un trou, je m&rsquo;en souviens plus). Midi, miam les lasagnes au saumon. Apr\u00e8s-midi, re roulage. Nous part\u00eemes \u00e0 quatre tranquillou en direction des gorges de l&rsquo;Ard\u00e8che. Et bien m\u00eame au mois de mars, c&rsquo;est fou ce que c&rsquo;est visit\u00e9, ces gorges. Pas moyen d&rsquo;\u00eatre tranquille pour regarder les paysages. Ca a commenc\u00e9 par un groupe conduit par un Belge un peu \u00e9nerv\u00e9 que ses p&rsquo;tits copains avaient l&rsquo;air d&rsquo;avoir un peu de mal \u00e0 suivre. Puis par un autre groupe o\u00f9 un ZX6R essayait vainement de semer un XP6. Et enfin un beau romain de premi\u00e8re (il n&rsquo;\u00e9tait pas de la TP, lui), qui m&rsquo;a cabrolis\u00e9e dans un bout de droit des gorges de l&rsquo;Ard\u00e8che et que j&rsquo;ai retrouv\u00e9 trois virage plus loin par terre.<\/p>\n<p>Les Gorges de l&rsquo;Ard\u00e8che, je les ai faites derri\u00e8re Maryse. N&rsquo;essayez surtout pas de visualiser le truc, mais Maryse, elle m&rsquo;a fait penser \u00e0 P\u00f4pa il y a cinq ans dans le Morvan. C&rsquo;\u00e9tait \u00e0 l&rsquo;occasion d&rsquo;une balade du 1er mai, o\u00f9, selon le commentaire de P\u00f4pa, \u00ab\u00a0on n&rsquo;allait pas vite : 90 km\/h&#8230; partout !\u00a0\u00bb. Maryse, elle roule pareil, modulo Transalp en moins, XP6 en plus : 80 km\/h partout, ligne droite ou virage. Bref, que du bonheur.<\/p>\n<p>Samedi soir, re-bon repas, re-bon bizarre. Je tiens \u00e0 f\u00e9liciter Tromph pour son id\u00e9e d&rsquo;\u00e9clipse lunaire, surtout par soir de pleine lune : c&rsquo;est vraiment original comme animation pour un week-end moto. Didier nous ayant l\u00e2chement abandonn\u00e9s le matin pour \u00ab\u00a0aller sur la C\u00f4te\u00a0\u00bb, j&rsquo;ai pr\u00e9f\u00e9r\u00e9 changer de chambre pour \u00e9viter de risquer de passer une mauvaise nuit \u00e0 cause de son absence. Et accessoirement, trouver un lit avec toutes ses lattes, histoire de dormir \u00e0 plat. Mission r\u00e9ussie : la nuit a \u00e9t\u00e9 courte, mais bonne.<\/p>\n<p>Dimanche matin, on a encore goinfr\u00e9, mais en moto. L&rsquo;id\u00e9e de la balade g\u00e9n\u00e9rale, c&rsquo;est vachement sympa avant, c&rsquo;est bien pendant, tant qu&rsquo;on est tous ensemble. Mais quand les premiers n&rsquo;attendent plus les derniers, \u00e7a se g\u00e2te ! On s&rsquo;est perdus, la route \u00e9tait jolie pourtant. On a recoll\u00e9 les morceaux du grand groupe avec deux trois plus petits groupes. L&rsquo;heure \u00e9tait avanc\u00e9e, on risquait d&rsquo;arriver en retard au restau. Quand Ghislain a parl\u00e9 d&rsquo;aller quand m\u00eame faire les Olli\u00e8res-Le Cheylard, je me suis dit que ce n&rsquo;\u00e9tait pas raisonnable, que j&rsquo;\u00e9tais crev\u00e9e, pas en forme. Sur ce, une autre pens\u00e9e s&rsquo;est formul\u00e9e tout de suite : \u00ab\u00a0attention, tu veillis, certes tu es fatigu\u00e9e, mais c&rsquo;est pas tous les jours que tu peux faire des balades comme \u00e7a (enfin si, mais je ne le dis pas, \u00e7a va nous \u00e9nerver les Parisiens) et si tu n&rsquo;y vas pas, tu vas le regretter\u00a0\u00bb. Je n&rsquo;ai m\u00eame pas eu le temps de r\u00e9fl\u00e9chir plus que j&rsquo;avais d\u00e9j\u00e0 d\u00e9marr\u00e9 la moto et je suivais le groupe. Miam. Au bout de deux jours de moto et plus de 600 bornes, ay\u00e9, j&rsquo;ai commenc\u00e9 \u00e0 retrouver le mode d&#8217;emploi de la SV et je me suis fait plaisir. Oui, je sais, suis lente au d\u00e9marrage.<br \/>\nEn plus, la vue sur les sommets enneig\u00e9s des Alpes n&rsquo;est pas faite pour g\u00e2cher la matin\u00e9e. Une sorte de meringue \u00e0 la double cr\u00e8me en dessert, quoi.<br \/>\nUne petite d\u00e9ception au col de l&rsquo;Escrinet. Je m&rsquo;attendais \u00e0 voir des rang\u00e9es de chasseurs et d&rsquo;\u00e9colos de chaque c\u00f4t\u00e9 de la route. J&rsquo;ai rien vu, d\u00e9cevant&#8230; Par contre, le restau \u00e9tait bien. Tr\u00e8s bien m\u00eame. Faudra que je demande les recettes des plats au patron. Il y a un truc magique dans sa bouffe, parce que la vall\u00e9e de l&rsquo;Eyrieux (Le Cheylard-les Olli\u00e8res pour ceux qui ne suivent pas), je l&rsquo;ai fait avec 10 km\/h de mieux que le matin, avec un Jolithorax coll\u00e9 dans les r\u00e9troviseurs. Putain que c&rsquo;\u00e9tait bon ! Tellement que \u00e7a a continu\u00e9. Le groupe, assez imposant \u00e0 la sortie du restau, a maigri petit \u00e0 petit. Une bise \u00e0 Flyben, Tromphette, Marc, Kris, Anne et ceux que j&rsquo;oublie au Cheylard, une bise \u00e0 Pascal et Pierre \u00e0 St Agr\u00e8ve apr\u00e8s avoir fait la d\u00e9monstration que je suivais mieux \u00e0 la fin du week-end qu&rsquo;au d\u00e9but, une bise \u00e0 Logan \u00e0 Yssingeaux. Et je me suis retrouv\u00e9e toute seule sur les routes auvergnates, \u00e0 pencher \u00e0 chaque virage avec un grand sourire en pensant aux deux jours que je venais de passer.<\/p>\n<p>Heureusement que j&rsquo;habite une belle r\u00e9gion, sinon, je crois que je d\u00e9primerais, au retour&#8230; Et la Tromph Partie, m\u00eame en moto, c&rsquo;est bien !!<\/p>\n","protected":false},"excerpt":{"rendered":"<p>Souvenirs de la Tromph Partie 2007 Vendredi, le d\u00e9part. Pascal et Pierre sont arriv\u00e9s \u00e0 la veille. Dodo pas t\u00f4t, parce que Pierre est bavard &hellip; <\/p>\n","protected":false},"author":1,"featured_media":0,"comment_status":"closed","ping_status":"closed","sticky":false,"template":"","format":"standard","meta":{"footnotes":""},"categories":[16,5],"tags":[],"class_list":["post-50","post","type-post","status-publish","format-standard","hentry","category-histoires","category-01_moto","has-meta"],"_links":{"self":[{"href":"https:\/\/titeroute.org\/index.php?rest_route=\/wp\/v2\/posts\/50","targetHints":{"allow":["GET"]}}],"collection":[{"href":"https:\/\/titeroute.org\/index.php?rest_route=\/wp\/v2\/posts"}],"about":[{"href":"https:\/\/titeroute.org\/index.php?rest_route=\/wp\/v2\/types\/post"}],"author":[{"embeddable":true,"href":"https:\/\/titeroute.org\/index.php?rest_route=\/wp\/v2\/users\/1"}],"replies":[{"embeddable":true,"href":"https:\/\/titeroute.org\/index.php?rest_route=%2Fwp%2Fv2%2Fcomments&post=50"}],"version-history":[{"count":1,"href":"https:\/\/titeroute.org\/index.php?rest_route=\/wp\/v2\/posts\/50\/revisions"}],"predecessor-version":[{"id":1065,"href":"https:\/\/titeroute.org\/index.php?rest_route=\/wp\/v2\/posts\/50\/revisions\/1065"}],"wp:attachment":[{"href":"https:\/\/titeroute.org\/index.php?rest_route=%2Fwp%2Fv2%2Fmedia&parent=50"}],"wp:term":[{"taxonomy":"category","embeddable":true,"href":"https:\/\/titeroute.org\/index.php?rest_route=%2Fwp%2Fv2%2Fcategories&post=50"},{"taxonomy":"post_tag","embeddable":true,"href":"https:\/\/titeroute.org\/index.php?rest_route=%2Fwp%2Fv2%2Ftags&post=50"}],"curies":[{"name":"wp","href":"https:\/\/api.w.org\/{rel}","templated":true}]}}