{"id":57,"date":"2007-05-09T03:18:42","date_gmt":"2007-05-09T01:18:42","guid":{"rendered":"http:\/\/c.montculier.free.fr\/wordpress\/?p=5"},"modified":"2010-12-07T03:10:03","modified_gmt":"2010-12-07T01:10:03","slug":"crpaysages-et-aventures-ii-concours-du-boulet-dor-inside","status":"publish","type":"post","link":"https:\/\/titeroute.org\/?p=57","title":{"rendered":"[CR]Paysages et aventures II (concours du boulet d\u2019or inside)"},"content":{"rendered":"<p>Yop,<\/p>\n<p>Un jour, j&rsquo;ai dit \u00e0 St\u00e9ph, qui se plaignait de la distance Issoire-Lyon :<br \/>\n\u00ab\u00a0on a de la chance, on pourrait habiter \u00e0 un bout et l&rsquo;autre de la Beauce ou des Landes\u00a0\u00bb.<\/p>\n<p>Or donc, en ce we \u00e9lectoral, nous avons fait un zoli petit road-book Orbeil (premier lieu de vote) &#8211; Feur (pour faire une bise \u00e0 belle-grand-maman, mais \u00e7a vous vous en foutez) &#8211; Saint Etienne (deuxi\u00e8me lieu de vote) &#8211; Lyon.<br \/>\nPour la premi\u00e8re partie, on a fait au plus court : col du B\u00e9al. 120 km, un peu de brouillard, quelques routes humides, la v\u00e9g\u00e9tation qui commence tout juste \u00e0 bourgeonner au-dessus de 1 000 m mais les arbres qui font un festival de fleurs en-dessous. Le passage de vall\u00e9es en vall\u00e9es est un r\u00e9gal. Pour la partie Feur-St Etienne, je ne sais pas du tout par o\u00f9 on est<br \/>\npass\u00e9, mais j&rsquo;ai juste pens\u00e9 que St\u00e9ph est un gros goinfre et que je ne dois pas valoir beaucoup mieux car j&rsquo;ai encore fait frotter la SV, cette fois-ci, du c\u00f4t\u00e9 gauche. Et pas mieux pour St Etienne &#8211; Lyon.<\/p>\n<p>En faisant le CR au fur et \u00e0 mesure de la balade (vi, je me discute \u00e0 moi-m\u00eame dans le casque, j&rsquo;aime bien), je me suis dit que celui-l\u00e0, j&rsquo;allais peut-\u00eatre me le garder pour moi, par peur de vous gaver avec mes CR de balades en amoureux. Sauf que j&rsquo;avais oubli\u00e9 le c\u00f4t\u00e9 aventures.<\/p>\n<p>Mais avant, je vais vous parler des paysages vus mardi, dans la Chartreuse, avec quelques Lyonnais. L\u00e0, je n&rsquo;ai pas fait frotter les cale-pieds, vu que ceux du DR de Mash sont un peu haut. J&rsquo;ai d&rsquo;ailleurs eu du mal avec la girafe : mes pieds touchent \u00e0 peine par terre (j&rsquo;ai d&rsquo;ailleurs maudit CC sur un trompage de road-book qui m&rsquo;a valu un demi tour sur une route en pente), \u00e7a penche bizarre, j&rsquo;avais mal au mollet \u00e0 la fin de la journ\u00e9e et mal aux bras aussi. Reste qu&rsquo;un temps nuageux sur la Chartreuse, \u00e7a signifie certes des ond\u00e9es d\u00e9sagr\u00e9ables mais \u00e7a donne aussi de magnifiques vues sur des vall\u00e9es et des montagnes qui jouent \u00e0 cache cache avec les nuages. Que les for\u00eats de sapins sont vraiment jolies en ce moment, avec les bouts des branches tout vert clair qui contrastent avec le vert sombre du reste.<\/p>\n<p>Pourquoi \u00e9tais-je perch\u00e9e sur le DR de Mash et non sur ma SV? Parce qu&rsquo;entre dimanche et mardi, il y a le lundi (surprise!). Et que lundi, on a fait la r\u00e9vision de ma v\u00e9n\u00e9rable moto qui affiche presque ses 78 000 km au compteur. Donc vidange, AR au magasin de bricolage pour trouver un joint de 16 et non de 12 comme je croyais pour le bouchon de vidange, d\u00e9montage de la bougie arri\u00e8re en soulevant le r\u00e9servoir (pas pratique, mais de la rigolade par rapport au cylindre avant). Et l\u00e0, une petite remarque fuse :<br \/>\n\u00ab\u00a0ch\u00e9rie, elle est bizarre, ta bougie, montre une bougie neuve pour voir\u00a0\u00bb&#8230;<br \/>\nEt l\u00e0, force est de constater qu&rsquo;effectivement, il y a un truc qui cloche.<br \/>\nGenre comme s&rsquo;il manquait une \u00e9lectrode \u00e0 la bougie. Et tout le filetage en m\u00e9tal qui va avec. En gros, la bougie a cass\u00e9 un peu en-dessous de l&rsquo;\u00e9crou, la partie ext\u00e9rieure est rest\u00e9e dans le cylindre, la partie int\u00e9rieure est venue avec le reste de la bougie. Ballot, hein ? Surtout qu&rsquo;une balade est pr\u00e9vue le lendemain (Chartreuse, cf plus haut)&#8230;<br \/>\nCoup de fil \u00e0 Mash, qui nous attribue un point d&rsquo;originalit\u00e9 pour la panne, nous conseille de d\u00e9culasser et me pr\u00eate son tra\u00eene-couillon pour la balade du mardi (hors de question de faire le SDS sur le FJR). L&rsquo;op\u00e9ration de d\u00e9culassage est pr\u00e9vue pour dimanche prochain. J&rsquo;ai allum\u00e9 quelques cierges pour \u00eatre s\u00fbre de venir \u00e0 la NG en SV.<\/p>\n<p>&#8212;<br \/>\nCorinne &lsquo;tite route &#8211; du coup, je suis rentr\u00e9e chez moi en Stilo, bo\u00eete s\u00e9quentielle et euh&#8230; \u00e7a va bien ;o))<\/p>\n","protected":false},"excerpt":{"rendered":"<p>Yop, Un jour, j&rsquo;ai dit \u00e0 St\u00e9ph, qui se plaignait de la distance Issoire-Lyon : \u00ab\u00a0on a de la chance, on pourrait habiter \u00e0 un &hellip; <\/p>\n","protected":false},"author":1,"featured_media":0,"comment_status":"closed","ping_status":"closed","sticky":false,"template":"","format":"standard","meta":{"footnotes":""},"categories":[16,5],"tags":[],"class_list":["post-57","post","type-post","status-publish","format-standard","hentry","category-histoires","category-01_moto","has-meta"],"_links":{"self":[{"href":"https:\/\/titeroute.org\/index.php?rest_route=\/wp\/v2\/posts\/57","targetHints":{"allow":["GET"]}}],"collection":[{"href":"https:\/\/titeroute.org\/index.php?rest_route=\/wp\/v2\/posts"}],"about":[{"href":"https:\/\/titeroute.org\/index.php?rest_route=\/wp\/v2\/types\/post"}],"author":[{"embeddable":true,"href":"https:\/\/titeroute.org\/index.php?rest_route=\/wp\/v2\/users\/1"}],"replies":[{"embeddable":true,"href":"https:\/\/titeroute.org\/index.php?rest_route=%2Fwp%2Fv2%2Fcomments&post=57"}],"version-history":[{"count":1,"href":"https:\/\/titeroute.org\/index.php?rest_route=\/wp\/v2\/posts\/57\/revisions"}],"predecessor-version":[{"id":1059,"href":"https:\/\/titeroute.org\/index.php?rest_route=\/wp\/v2\/posts\/57\/revisions\/1059"}],"wp:attachment":[{"href":"https:\/\/titeroute.org\/index.php?rest_route=%2Fwp%2Fv2%2Fmedia&parent=57"}],"wp:term":[{"taxonomy":"category","embeddable":true,"href":"https:\/\/titeroute.org\/index.php?rest_route=%2Fwp%2Fv2%2Fcategories&post=57"},{"taxonomy":"post_tag","embeddable":true,"href":"https:\/\/titeroute.org\/index.php?rest_route=%2Fwp%2Fv2%2Ftags&post=57"}],"curies":[{"name":"wp","href":"https:\/\/api.w.org\/{rel}","templated":true}]}}