{"id":69,"date":"2008-01-30T01:28:01","date_gmt":"2008-01-29T23:28:01","guid":{"rendered":"http:\/\/c.montculier.free.fr\/?p=70"},"modified":"2010-12-07T03:09:49","modified_gmt":"2010-12-07T01:09:49","slug":"tout-autour-du-sancy","status":"publish","type":"post","link":"https:\/\/titeroute.org\/?p=69","title":{"rendered":"Tout autour du Sancy"},"content":{"rendered":"<p>Ce matin, je scrute la m\u00e9t\u00e9o. Il fait encore bon pour un mois de janvier, mais \u00e7a risque de ne pas durer. Alors je d\u00e9cide d&rsquo;aller en profiter encore un petit peu, de cet hiver tout doux. C\u00f4t\u00e9 est ou c\u00f4t\u00e9 ouest. Je regarde au bout de ma rue, vers le Livradois, c&rsquo;est d\u00e9gag\u00e9. Je sors au bout du village, le Sancy est visible aussi. Ca fait longtemps que je n&rsquo;ai pas pos\u00e9 mes roues par l\u00e0-bas, alors ce sera Sancy pour aujourd&rsquo;hui.<br \/>\nLe but du jeu : faire le tour du massif, par les petites routes. N&rsquo;ayant pas envie de me faire toute la travers\u00e9e de Perrier, je pars direction St Yvoine. Tiens, une route que je ne connais pas. Une petite pancarte avec le nom d&rsquo;un lieu-dit, une autre avec marqu\u00e9 \u00ab\u00a0carri\u00e8re\u00a0\u00bb. J&rsquo;y vais. La route qui m\u00e8ne au lieu-dit est un cul-de-sac annonc\u00e9, je n&rsquo;y vais pas. Je vais jusqu&rsquo;\u00e0 la carri\u00e8re, par une route o\u00f9 le bitume est parfois remplac\u00e9 par la boue. Bon, c&rsquo;est une carri\u00e8re, avec rien derri\u00e8re, donc oblig\u00e9e de faire demi-tour. Ca commence bien&#8230;<\/p>\n<table class=\"centered\">\n<tr>\n<td>\n<a href=\"http:\/\/c.montculier.free.fr\/Moto\/2008-01-29balade\/2008-01-29balade_01.JPG\" rel=\"lightbox[balade]\"><img decoding=\"async\" src=\"http:\/\/c.montculier.free.fr\/Moto\/2008-01-29balade\/TN_2008-01-29balade_01.JPG\" alt=\"affiche.JPG\" \/><\/a>\n<\/td>\n<\/tr>\n<\/table>\n<p>St Yvoine &#8211; Sauvagnat Sainte Marthe (tr\u00e8s mignon, comme village) &#8211; Chadeleuf<\/p>\n<table align=\"center\">\n<tr>\n<td align=\"center\" valign=\"center\"><a href=\"http:\/\/c.montculier.free.fr\/Moto\/2008-01-29balade\/2008-01-29balade_02.JPG\" rel=\"lightbox[balade]\"><img decoding=\"async\" src=\"http:\/\/c.montculier.free.fr\/Moto\/2008-01-29balade\/TN_2008-01-29balade_02.JPG\" alt=\"affiche.JPG\" \/><\/a><\/td>\n<td align=\"center\" valign=\"center\"><a href=\"http:\/\/c.montculier.free.fr\/Moto\/2008-01-29balade\/2008-01-29balade_03.JPG\" rel=\"lightbox[balade]\"><img decoding=\"async\" src=\"http:\/\/c.montculier.free.fr\/Moto\/2008-01-29balade\/TN_2008-01-29balade_03.JPG\" alt=\"affiche.JPG\" \/><\/a><\/td>\n<\/tr>\n<\/table>\n<p>Chidrac<\/p>\n<p>Je commence \u00e0 me \u00ab\u00a0perdre\u00a0\u00bb dans les petites routes<\/p>\n<p>F\u00e9lines, avec une jolie vue sur le Sancy et une petite chapelle d&rsquo;o\u00f9 on a un beau panorama sur les environs, mais que j&rsquo;irai voir une autre fois.<\/p>\n<table align=\"center\">\n<tr>\n<td align=\"center\" valign=\"center\"><a href=\"http:\/\/c.montculier.free.fr\/Moto\/2008-01-29balade\/2008-01-29balade_04.JPG\" rel=\"lightbox[balade]\"><img decoding=\"async\" src=\"http:\/\/c.montculier.free.fr\/Moto\/2008-01-29balade\/TN_2008-01-29balade_04.JPG\" alt=\"affiche.JPG\" \/><\/a><\/td>\n<td align=\"center\" valign=\"center\"><a href=\"http:\/\/c.montculier.free.fr\/Moto\/2008-01-29balade\/2008-01-29balade_05.JPG\" rel=\"lightbox[balade]\"><img decoding=\"async\" src=\"http:\/\/c.montculier.free.fr\/Moto\/2008-01-29balade\/TN_2008-01-29balade_05.JPG\" alt=\"affiche.JPG\" \/><\/a><\/td>\n<td align=\"center\" valign=\"center\"><a href=\"http:\/\/c.montculier.free.fr\/Moto\/2008-01-29balade\/2008-01-29balade_07.JPG\" rel=\"lightbox[balade]\"><img decoding=\"async\" src=\"http:\/\/c.montculier.free.fr\/Moto\/2008-01-29balade\/TN_2008-01-29balade_07.JPG\" alt=\"affiche.JPG\" \/><\/a><\/td>\n<\/tr>\n<\/table>\n<p>Chassagne o\u00f9 je tourne en rond dans les rues de ce village minuscule avant de comprendre qu&rsquo;en fait, il faut que je passe \u00e0 c\u00f4t\u00e9 du village et non dedans&#8230; Tout \u00e7a sous l&rsquo;oeil goguenard de trois employ\u00e9s de la DDE.<\/p>\n<p>Geneli\u00e8re &#8211; La Cabane &#8211; Brion.<br \/>\nLes plateaux du C\u00e9zallier. D\u00e9pouill\u00e9s, l&rsquo;herbe rase et rare en cette saison. Quelques traces de neige. Des vaches aux cornes en forme de lyre dans les champs, voire sur la route.<br \/>\nC&rsquo;est l\u00e0 que ma moto passe ses 80 000 km. Passage symbolique. La partie cycle a quelques milliers de kilom\u00e8tres de plus, le moteur quelques dizaines de milliers en moins.<\/p>\n<table align=\"center\">\n<tr>\n<td align=\"center\" valign=\"center\"><a href=\"http:\/\/c.montculier.free.fr\/Moto\/2008-01-29balade\/2008-01-29balade_09.JPG\" rel=\"lightbox[balade]\"><img decoding=\"async\" src=\"http:\/\/c.montculier.free.fr\/Moto\/2008-01-29balade\/TN_2008-01-29balade_09.JPG\" alt=\"affiche.JPG\" \/><\/a><\/td>\n<td align=\"center\" valign=\"center\"><a href=\"http:\/\/c.montculier.free.fr\/Moto\/2008-01-29balade\/2008-01-29balade_11.JPG\" rel=\"lightbox[balade]\"><img decoding=\"async\" src=\"http:\/\/c.montculier.free.fr\/Moto\/2008-01-29balade\/TN_2008-01-29balade_11.JPG\" alt=\"affiche.JPG\" \/><\/a><\/td>\n<\/tr>\n<tr>\n<td align=\"center\" valign=\"center\"><a href=\"http:\/\/c.montculier.free.fr\/Moto\/2008-01-29balade\/2008-01-29balade_08.JPG\" rel=\"lightbox[balade]\"><img decoding=\"async\" src=\"http:\/\/c.montculier.free.fr\/Moto\/2008-01-29balade\/TN_2008-01-29balade_08.JPG\" alt=\"affiche.JPG\" \/><\/a><\/td>\n<td align=\"center\" valign=\"center\"><a href=\"http:\/\/c.montculier.free.fr\/Moto\/2008-01-29balade\/2008-01-29balade_10.JPG\" rel=\"lightbox[balade]\"><img decoding=\"async\" src=\"http:\/\/c.montculier.free.fr\/Moto\/2008-01-29balade\/TN_2008-01-29balade_10.JPG\" alt=\"affiche.JPG\" \/><\/a><\/td>\n<td align=\"center\" valign=\"center\"><a href=\"http:\/\/c.montculier.free.fr\/Moto\/2008-01-29balade\/2008-01-29balade_12.JPG\" rel=\"lightbox[balade]\"><img decoding=\"async\" src=\"http:\/\/c.montculier.free.fr\/Moto\/2008-01-29balade\/TN_2008-01-29balade_12.JPG\" alt=\"affiche.JPG\" \/><\/a><\/td>\n<\/tr>\n<\/table>\n<p>Juste apr\u00e8s Brion, en direction de Compains, changement brusque de paysage. Je rentre dans une for\u00eat. Tapis de feuilles au sol, arbres nus, un ruisseau qui serpente. Parfois une cascade.<\/p>\n<table align=\"center\">\n<tr>\n<td align=\"center\" valign=\"center\"><a href=\"http:\/\/c.montculier.free.fr\/Moto\/2008-01-29balade\/2008-01-29balade_13.JPG\" rel=\"lightbox[balade]\"><img decoding=\"async\" src=\"http:\/\/c.montculier.free.fr\/Moto\/2008-01-29balade\/TN_2008-01-29balade_13.JPG\" alt=\"affiche.JPG\" \/><\/a><\/td>\n<td align=\"center\" valign=\"center\"><a href=\"http:\/\/c.montculier.free.fr\/Moto\/2008-01-29balade\/2008-01-29balade_14.JPG\" rel=\"lightbox[balade]\"><img decoding=\"async\" src=\"http:\/\/c.montculier.free.fr\/Moto\/2008-01-29balade\/TN_2008-01-29balade_14.JPG\" alt=\"affiche.JPG\" \/><\/a><\/td>\n<\/tr>\n<\/table>\n<p>Compains &#8211; Col de la Chaumoune<br \/>\nPr\u00e8s d&rsquo;Egliseneuve d&rsquo;Entraigues, un panneau cascade. Elle est d\u00e9cevante, mais me permet de faire un peu de SVTT&#8230;<\/p>\n<table align=\"center\">\n<tr>\n<td align=\"center\" valign=\"center\"><a href=\"http:\/\/c.montculier.free.fr\/Moto\/2008-01-29balade\/2008-01-29balade_15.JPG\" rel=\"lightbox[balade]\"><img decoding=\"async\" src=\"http:\/\/c.montculier.free.fr\/Moto\/2008-01-29balade\/TN_2008-01-29balade_15.JPG\" alt=\"affiche.JPG\" \/><\/a><\/td>\n<td align=\"center\" valign=\"center\"><a href=\"http:\/\/c.montculier.free.fr\/Moto\/2008-01-29balade\/2008-01-29balade_16.JPG\" rel=\"lightbox[balade]\"><img decoding=\"async\" src=\"http:\/\/c.montculier.free.fr\/Moto\/2008-01-29balade\/TN_2008-01-29balade_16.JPG\" alt=\"affiche.JPG\" \/><\/a><\/td>\n<td align=\"center\" valign=\"center\"><a href=\"http:\/\/c.montculier.free.fr\/Moto\/2008-01-29balade\/2008-01-29balade_17.JPG\" rel=\"lightbox[balade]\"><img decoding=\"async\" src=\"http:\/\/c.montculier.free.fr\/Moto\/2008-01-29balade\/TN_2008-01-29balade_17.JPG\" alt=\"affiche.JPG\" \/><\/a><\/td>\n<\/tr>\n<\/table>\n<p>L&rsquo;heure commence \u00e0 filer, mais je n&rsquo;ai pas envie de rentrer. Je suis bien, l\u00e0, sur ma moto, \u00e0 sillonner ces paysages, avec le Sancy qui n&rsquo;est jamais bien loin. Direction St Gen\u00e8s Champespe, en passant par le lac de Landie. Je n&rsquo;ai pas vu le lac, juste crois\u00e9 un chien et quelques tracteurs.<\/p>\n<table align=\"center\">\n<tr>\n<td align=\"center\" valign=\"center\"><a href=\"http:\/\/c.montculier.free.fr\/Moto\/2008-01-29balade\/2008-01-29balade_18.JPG\" rel=\"lightbox[balade]\"><img decoding=\"async\" src=\"http:\/\/c.montculier.free.fr\/Moto\/2008-01-29balade\/TN_2008-01-29balade_18.JPG\" alt=\"affiche.JPG\" \/><\/a><\/td>\n<\/tr>\n<\/table>\n<p>St Donat &#8211; Chastreix<br \/>\nIl fait un peu plus froid, les paquets de neige dans les foss\u00e9s sont plus gros, viennent fr\u00f4ler la route. Le soleil atteint un coin de ciel bleu et jette ses rayons du soir en oblique. Je m&rsquo;amuse \u00e0 plagier de l&rsquo;avatar de Lexav dans la neige. Ca glisse pas mal, je crois que je n&rsquo;ai pas les pneus ad\u00e9quats&#8230;<\/p>\n<table align=\"center\">\n<tr>\n<td align=\"center\" valign=\"center\"><a href=\"http:\/\/c.montculier.free.fr\/Moto\/2008-01-29balade\/2008-01-29balade_19.JPG\" rel=\"lightbox[balade]\"><img decoding=\"async\" src=\"http:\/\/c.montculier.free.fr\/Moto\/2008-01-29balade\/TN_2008-01-29balade_19.JPG\" alt=\"affiche.JPG\" \/><\/a><\/td>\n<\/tr>\n<\/table>\n<p>Je rejoins le Mont-Dore, bien calme et bien peu enneig\u00e9 pour la saison. La Croix Saint Robert est ferm\u00e9e, donc va pour la Croix Morand que, de toute fa\u00e7on, je pr\u00e9f\u00e8re pour ses paysages. Le soleil m&rsquo;\u00e9claire par derri\u00e8re, je m&rsquo;attends \u00e0 un joli coucher de soleil. Un peu avant le col, je m&rsquo;arr\u00eate.<\/p>\n<table align=\"center\">\n<tr>\n<td align=\"center\" valign=\"center\"><a href=\"http:\/\/c.montculier.free.fr\/Moto\/2008-01-29balade\/2008-01-29balade_20.JPG\" rel=\"lightbox[balade]\"><img decoding=\"async\" src=\"http:\/\/c.montculier.free.fr\/Moto\/2008-01-29balade\/TN_2008-01-29balade_20.JPG\" alt=\"affiche.JPG\" \/><\/a><\/td>\n<\/tr>\n<\/table>\n<p>C&rsquo;est magnifique. Je regarde le soleil dispara\u00eetre peu \u00e0 peu derri\u00e8re les volcans.<\/p>\n<table align=\"center\">\n<tr>\n<td align=\"center\" valign=\"center\"><a href=\"http:\/\/c.montculier.free.fr\/Moto\/2008-01-29balade\/2008-01-29balade_21.JPG\" rel=\"lightbox[balade]\"><img decoding=\"async\" src=\"http:\/\/c.montculier.free.fr\/Moto\/2008-01-29balade\/TN_2008-01-29balade_21.JPG\" alt=\"affiche.JPG\" \/><\/a><\/td>\n<td align=\"center\" valign=\"center\"><a href=\"http:\/\/c.montculier.free.fr\/Moto\/2008-01-29balade\/2008-01-29balade_22.JPG\" rel=\"lightbox[balade]\"><img decoding=\"async\" src=\"http:\/\/c.montculier.free.fr\/Moto\/2008-01-29balade\/TN_2008-01-29balade_22.JPG\" alt=\"affiche.JPG\" \/><\/a><\/td>\n<td align=\"center\" valign=\"center\"><a href=\"http:\/\/c.montculier.free.fr\/Moto\/2008-01-29balade\/2008-01-29balade_23.JPG\" rel=\"lightbox[balade]\"><img decoding=\"async\" src=\"http:\/\/c.montculier.free.fr\/Moto\/2008-01-29balade\/TN_2008-01-29balade_23.JPG\" alt=\"affiche.JPG\" \/><\/a><\/td>\n<\/tr>\n<tr>\n<td align=\"center\" valign=\"center\"><a href=\"http:\/\/c.montculier.free.fr\/Moto\/2008-01-29balade\/2008-01-29balade_24.JPG\" rel=\"lightbox[balade]\"><img decoding=\"async\" src=\"http:\/\/c.montculier.free.fr\/Moto\/2008-01-29balade\/TN_2008-01-29balade_24.JPG\" alt=\"affiche.JPG\" \/><\/a><\/td>\n<\/tr>\n<tr>\n<td align=\"center\" valign=\"center\"><a href=\"http:\/\/c.montculier.free.fr\/Moto\/2008-01-29balade\/2008-01-29balade_25.JPG\" rel=\"lightbox[balade]\"><img decoding=\"async\" src=\"http:\/\/c.montculier.free.fr\/Moto\/2008-01-29balade\/TN_2008-01-29balade_25.JPG\" alt=\"affiche.JPG\" \/><\/a><\/td>\n<\/tr>\n<\/table>\n<p>De l&rsquo;autre c\u00f4t\u00e9 du col, c&rsquo;est tout aussi beau, les montagnes noires et blanches qui se d\u00e9coupent sur un ciel rose et gris.<\/p>\n<p>Je crois que je n&rsquo;arriverais pas \u00e0 d\u00e9crire tout ce que j&rsquo;ai ressenti aujourd&rsquo;hui. Le plaisir de rouler, celui d&rsquo;entendre le bruit de ma moto, de d\u00e9couvrir de nouveaux paysages, que je commence \u00e0 conna\u00eetre, mais qui m&rsquo;\u00e9meuvent toujours plus. Ne pas avoir de contrainte, m&rsquo;arr\u00eater quand je veux, prendre le temps d&rsquo;\u00e9couter une cascade ou la cloche d&rsquo;une vache. D\u00e9cider de passer par un village et changer d&rsquo;avis au dernier moment. Le plaisir d&rsquo;\u00eatre seule, et pourtant l&rsquo;envie de partager.<br \/>\nC&rsquo;\u00e9tait une belle balade.<\/p>\n","protected":false},"excerpt":{"rendered":"<p>Ce matin, je scrute la m\u00e9t\u00e9o. Il fait encore bon pour un mois de janvier, mais \u00e7a risque de ne pas durer. Alors je d\u00e9cide &hellip; <\/p>\n","protected":false},"author":1,"featured_media":0,"comment_status":"closed","ping_status":"closed","sticky":false,"template":"","format":"standard","meta":{"footnotes":""},"categories":[16,5],"tags":[],"class_list":["post-69","post","type-post","status-publish","format-standard","hentry","category-histoires","category-01_moto","has-meta"],"_links":{"self":[{"href":"https:\/\/titeroute.org\/index.php?rest_route=\/wp\/v2\/posts\/69","targetHints":{"allow":["GET"]}}],"collection":[{"href":"https:\/\/titeroute.org\/index.php?rest_route=\/wp\/v2\/posts"}],"about":[{"href":"https:\/\/titeroute.org\/index.php?rest_route=\/wp\/v2\/types\/post"}],"author":[{"embeddable":true,"href":"https:\/\/titeroute.org\/index.php?rest_route=\/wp\/v2\/users\/1"}],"replies":[{"embeddable":true,"href":"https:\/\/titeroute.org\/index.php?rest_route=%2Fwp%2Fv2%2Fcomments&post=69"}],"version-history":[{"count":1,"href":"https:\/\/titeroute.org\/index.php?rest_route=\/wp\/v2\/posts\/69\/revisions"}],"predecessor-version":[{"id":1056,"href":"https:\/\/titeroute.org\/index.php?rest_route=\/wp\/v2\/posts\/69\/revisions\/1056"}],"wp:attachment":[{"href":"https:\/\/titeroute.org\/index.php?rest_route=%2Fwp%2Fv2%2Fmedia&parent=69"}],"wp:term":[{"taxonomy":"category","embeddable":true,"href":"https:\/\/titeroute.org\/index.php?rest_route=%2Fwp%2Fv2%2Fcategories&post=69"},{"taxonomy":"post_tag","embeddable":true,"href":"https:\/\/titeroute.org\/index.php?rest_route=%2Fwp%2Fv2%2Ftags&post=69"}],"curies":[{"name":"wp","href":"https:\/\/api.w.org\/{rel}","templated":true}]}}