{"id":71,"date":"2008-02-27T01:17:07","date_gmt":"2008-02-26T23:17:07","guid":{"rendered":"http:\/\/c.montculier.free.fr\/?p=73"},"modified":"2010-12-07T03:09:09","modified_gmt":"2010-12-07T01:09:09","slug":"perdage-et-jardinage","status":"publish","type":"post","link":"https:\/\/titeroute.org\/?p=71","title":{"rendered":"Perdage et jardinage"},"content":{"rendered":"<p>Ce midi, j&rsquo;avais un RDV \u00e0 St Nectaire. Comme il faut que je change mon pneu arri\u00e8re avant ce we, je d\u00e9cide de prendre la moto. Je passerai \u00e0 Ambiance moto ou Maxxess en rentrant. Donc St Nectaire, restau, blabla. Il est 14h et je n&rsquo;ai pas du tout envie de rentrer. Le ciel est gris, mais j&rsquo;ai \u00e0 peine eu trois gouttes sur le casque \u00e0 l&rsquo;aller. Je me dis que \u00e7a va pas \u00eatre pire. Et puis il fait que j&rsquo;aille faire le plein, je dois avoir 30 km avant la r\u00e9serve. Donc direction la Bourboule, en passant par la Croix Morand qu&rsquo;on n&rsquo;a pas faite dimanche, le motardus auvergnatus ayant une l\u00e9g\u00e8re pr\u00e9f\u00e9rence pour la Croix Saint Robert. Pourtant, je l&rsquo;aime bien, ce col de la Croix Morand. Il y a toujours des ambiances sympas par l\u00e0-haut (un exemple en texte : http:\/\/c.montculier.free.fr\/?p=19, un exemple en photo : http:\/\/c.montculier.free.fr\/Moto\/2008-01-29balade\/2008-01-29balade_25.JPG).<\/p>\n<p>Aujourd&rsquo;hui, le col est dans le brouillard, mais tout juste. Des gamins font de la luge dans les quelques plaques de neiges sur les c\u00f4t\u00e9s. Il fait gris et pas tr\u00e8s tr\u00e8s chaud. La mont\u00e9e du col est sympa, la descente vers la Bourboule aussi. Je me souviens d&rsquo;une descente il y a 6 ans avec Voyou devant, \u00e0 un rythme qui ne devait pas \u00eatre tr\u00e8s raisonnable, o\u00f9 je sentais que l&rsquo;amorto arri\u00e8re pompait \u00e0 chaque virage. L\u00e0, je suis toute seule, en<br \/>\nmode tranquille, \u00e0 naviguer au milieu des gravillons et des zones humides.<\/p>\n<p>Je continue le RB qu&rsquo;on n&rsquo;a pas fait dimanche et je monte \u00e0 la Banne d&rsquo;Ordanche, que je ne connais pas. Ca grimpe, \u00e7a grimpe, \u00e7a grimpe. Et \u00e7a doit \u00eatre tr\u00e8s joli l\u00e0-haut, avec un ciel d\u00e9gag\u00e9 et du soleil. L\u00e0, le front est bas. Je ne parle pas de celui de la motarde mais des nuages&#8230;<\/p>\n<p>Je d\u00e9cide de continuer en faisant le maximum de petites blanches et le minimum de jaunes et rouges. Direction Sainte-Sauves d&rsquo;Auvergne, Laqueuille Gare, Laqueuille, Villeviale, Joll\u00e8re, Rochefort Montagne. Je me paume un<br \/>\npeu et me retrouve sur des routes que je n&rsquo;ai m\u00eame pas r\u00e9ussi \u00e0 rep\u00e9rer sur la carte. A un moment, j&rsquo;ai h\u00e9sit\u00e9 \u00e0 prendre un chemin, mais je me suis dit que ce n&rsquo;\u00e9tait pas raisonnable, donc demi-tour, amstramgram, faut choisir<br \/>\nentre deux routes, j&rsquo;ai pris celle de gauche. Et je me suis retrouv\u00e9e \u00e0 Rochefort Montagne. Apr\u00e8s avoir compris qu&rsquo;il y a deux niveaux de routes qui se croisent, j&rsquo;ai fini par r\u00e9ussir \u00e0 sortir du village par la D80 qui rejoint le col de Gu\u00e9ry, en passant entre les Roches Tuili\u00e8re et Sanadoire.<br \/>\nIl y aurait eu quelques rayons de soleil, j&rsquo;aurais pu faire de jolies photos. Mais le ciel reste gris gris, j&rsquo;ai pr\u00e9f\u00e9r\u00e9 continuer d&rsquo;avancer.<\/p>\n<p>J&rsquo;ai d\u00fb prendre (mais c&rsquo;\u00e9tait horrible) la D27 pour remonter sur Orcival afin de retrouver de la route agricole. Celle avec des bouses de vaches, des mottes de terre et parfois de la mousse au milieu. Vernines, Saulzet le Froid. Les paysages commencent \u00e0 changer et surtout l&rsquo;herbe est plus verte, les arbres commencent \u00e0 bourgeonner. Il n&rsquo;y a pas \u00e0 dire, par l\u00e0-haut, vers Rochefort-Montagne, fait quand m\u00eame plus froid qu&rsquo;\u00e0 Issoire. Finalement, je n&rsquo;ai pas de regret par rapport \u00e0 la maison que j&rsquo;avais visit\u00e9 dans le coin quand je cherchais \u00e0 m&rsquo;installer en Auvergne.<\/p>\n<p>Zani\u00e8res, Monne, Fohet. Ce massif est vraiment joli. J&rsquo;h\u00e9site \u00e0 me faire une gourmandise Olloix &#8211; les Arnats &#8211; Lenteuge &#8211; Montaigut, mais l&rsquo;heure passe et j&rsquo;aimerais ne pas arriver trop tard sur Issoire. Donc ce sera Olloix-Ludesse (une s\u00e9rie de virages serr\u00e9s) &#8211; Champeix &#8211; de grandes courbes rapides &#8211; Issoire.<br \/>\nAu total, quelque chose comme 130-150 km de petites routes bien sympa.<br \/>\nBizarre, je n&rsquo;ai quasiment crois\u00e9 aucun motard.<\/p>\n","protected":false},"excerpt":{"rendered":"<p>Ce midi, j&rsquo;avais un RDV \u00e0 St Nectaire. Comme il faut que je change mon pneu arri\u00e8re avant ce we, je d\u00e9cide de prendre la &hellip; <\/p>\n","protected":false},"author":1,"featured_media":0,"comment_status":"closed","ping_status":"closed","sticky":false,"template":"","format":"standard","meta":{"footnotes":""},"categories":[16,5],"tags":[],"class_list":["post-71","post","type-post","status-publish","format-standard","hentry","category-histoires","category-01_moto","has-meta"],"_links":{"self":[{"href":"https:\/\/titeroute.org\/index.php?rest_route=\/wp\/v2\/posts\/71","targetHints":{"allow":["GET"]}}],"collection":[{"href":"https:\/\/titeroute.org\/index.php?rest_route=\/wp\/v2\/posts"}],"about":[{"href":"https:\/\/titeroute.org\/index.php?rest_route=\/wp\/v2\/types\/post"}],"author":[{"embeddable":true,"href":"https:\/\/titeroute.org\/index.php?rest_route=\/wp\/v2\/users\/1"}],"replies":[{"embeddable":true,"href":"https:\/\/titeroute.org\/index.php?rest_route=%2Fwp%2Fv2%2Fcomments&post=71"}],"version-history":[{"count":1,"href":"https:\/\/titeroute.org\/index.php?rest_route=\/wp\/v2\/posts\/71\/revisions"}],"predecessor-version":[{"id":1050,"href":"https:\/\/titeroute.org\/index.php?rest_route=\/wp\/v2\/posts\/71\/revisions\/1050"}],"wp:attachment":[{"href":"https:\/\/titeroute.org\/index.php?rest_route=%2Fwp%2Fv2%2Fmedia&parent=71"}],"wp:term":[{"taxonomy":"category","embeddable":true,"href":"https:\/\/titeroute.org\/index.php?rest_route=%2Fwp%2Fv2%2Fcategories&post=71"},{"taxonomy":"post_tag","embeddable":true,"href":"https:\/\/titeroute.org\/index.php?rest_route=%2Fwp%2Fv2%2Ftags&post=71"}],"curies":[{"name":"wp","href":"https:\/\/api.w.org\/{rel}","templated":true}]}}