{"id":861,"date":"2010-10-05T00:32:22","date_gmt":"2010-10-04T22:32:22","guid":{"rendered":"http:\/\/titeroute.org\/?p=861"},"modified":"2010-12-07T03:02:55","modified_gmt":"2010-12-07T01:02:55","slug":"moto-tour-au-jour-le-jour-j8","status":"publish","type":"post","link":"https:\/\/titeroute.org\/?p=861","title":{"rendered":"Moto Tour au jour le jour &#8211; J8"},"content":{"rendered":"<p><strong>Dimanche 3 octobre &#8211; Sp\u00e9ciale du mont Faron<\/strong><br \/>\nLa sp\u00e9ciale du mont Faron, c&rsquo;est la cerise sur le g\u00e2teau du Moto Tour. Une RAC (route \u00e0 ch\u00e8vre) de toute beaut\u00e9, comme je les aime : \u00e9troite, sinueuse, bossel\u00e9e, dans un paysage magnifique.<br \/>\nPour y aller, j&rsquo;ai test\u00e9 un des \u00ab\u00a0taxis\u00a0\u00bb Goldwin qui sont disponibles pour la presse pendant le Moto Tour. Y a pas \u00e0 dire, je d\u00e9teste \u00eatre passag\u00e8re, m\u00eame sur une moto dite confortable. Le seul truc que j&rsquo;ai trouv\u00e9 rigolo, c&rsquo;est que les enceintes incrust\u00e9es dans les accoudoirs donnent l&rsquo;impression qu&rsquo;on a la musique directement dans le casque&#8230;<br \/>\nDans la sp\u00e9ciale, je choisis de m&rsquo;installer plut\u00f4t vers le haut : la vue est moins belle et d\u00e9gag\u00e9e, mais c&rsquo;est aussi moins serr\u00e9 et peupl\u00e9 que le bas. Sur cette sp\u00e9ciale, il y a \u00e9norm\u00e9ment de spectateurs, c&rsquo;est vraiment sympa.<\/p>\n<table border=\"0\" align=\"center\">\n<tbody>\n<tr>\n<td align=\"center\" valign=\"middle\"><a rel=\"lightbox[balade]\" href=\" http:\/\/titeroute.org\/wordpress\/wp-content\/uploads\/2010\/10\/jour8_03.jpg\"><img decoding=\"async\" src=\" http:\/\/titeroute.org\/wordpress\/wp-content\/uploads\/2010\/10\/TN_jour8_03.jpg\" alt=\"Il y a du monde\" \/><br \/>\nIl y a du monde<\/a><\/td>\n<\/tr>\n<\/tbody>\n<\/table>\n<p>L&rsquo;ouverture est faite par les gendarmes de l&rsquo;escorte pr\u00e9sidentielle, qui passeront plusieurs fois, entre deux concurrents. N&rsquo;en profiteraient-ils pas un peu ?<\/p>\n<table border=\"0\" align=\"center\">\n<tbody>\n<tr>\n<td align=\"center\" valign=\"middle\"><a rel=\"lightbox[balade]\" href=\" http:\/\/titeroute.org\/wordpress\/wp-content\/uploads\/2010\/10\/jour8_01.jpg\"><img decoding=\"async\" src=\" http:\/\/titeroute.org\/wordpress\/wp-content\/uploads\/2010\/10\/TN_jour8_01.jpg\" alt=\"Ouverture\" \/><br \/>\nOuverture<\/a><\/td>\n<\/tr>\n<\/tbody>\n<\/table>\n<p>Les concurrents passent, dans l&rsquo;ordre inverse du classement. Certains sont l\u00e0 pour taper un chrono, mais d&rsquo;autres viennent vraiment faire le spectacle : klaxon, wheeling, blocage de roue arri\u00e8re, travers, course poursuite.<\/p>\n<table border=\"0\" align=\"center\">\n<tbody>\n<tr>\n<td align=\"center\" valign=\"middle\"><a rel=\"lightbox[balade]\" href=\" http:\/\/titeroute.org\/wordpress\/wp-content\/uploads\/2010\/10\/jour8_02.jpg\"><img decoding=\"async\" src=\" http:\/\/titeroute.org\/wordpress\/wp-content\/uploads\/2010\/10\/TN_jour8_02.jpg\" alt=\"Le bagnard poursuivi par la gendarmerie\" \/><br \/>\nLe bagnard et le gendarme<\/a><\/td>\n<td align=\"center\" valign=\"middle\"><a rel=\"lightbox[balade]\" href=\" http:\/\/titeroute.org\/wordpress\/wp-content\/uploads\/2010\/10\/jour8_05.jpg\"><img decoding=\"async\" src=\" http:\/\/titeroute.org\/wordpress\/wp-content\/uploads\/2010\/10\/TN_jour8_05.jpg\" alt=\"Serge Nuques en travers\" \/><br \/>\nLe chevalier de Groland<\/a><\/td>\n<td align=\"center\" valign=\"middle\"><a rel=\"lightbox[balade]\" href=\" http:\/\/titeroute.org\/wordpress\/wp-content\/uploads\/2010\/10\/jour8_07.jpg\"><img decoding=\"async\" src=\" http:\/\/titeroute.org\/wordpress\/wp-content\/uploads\/2010\/10\/TN_jour8_07.jpg\" alt=\"Sortie de courbe \u00e0 fond\" \/><br \/>\nSortie de courbe \u00e0 fond<\/a><\/td>\n<\/tr>\n<\/tbody>\n<\/table>\n<p>Il y a des diff\u00e9rences de style dans les conduites, que ce soit en moto ou en side.<\/p>\n<table border=\"0\" align=\"center\">\n<tbody>\n<tr>\n<td align=\"center\" valign=\"middle\"><a rel=\"lightbox[balade]\" href=\" http:\/\/titeroute.org\/wordpress\/wp-content\/uploads\/2010\/10\/jour8_08.jpg\"><img decoding=\"async\" src=\" http:\/\/titeroute.org\/wordpress\/wp-content\/uploads\/2010\/10\/TN_jour8_08.jpg\" alt=\"Le cul dehors\" \/><br \/>\nLe cul dehors<\/a><\/td>\n<td align=\"center\" valign=\"middle\"><a rel=\"lightbox[balade]\" href=\" http:\/\/titeroute.org\/wordpress\/wp-content\/uploads\/2010\/10\/jour8_09.jpg\"><img decoding=\"async\" src=\" http:\/\/titeroute.org\/wordpress\/wp-content\/uploads\/2010\/10\/TN_jour8_09.jpg\" alt=\"La t\u00eate qui d\u00e9passe\" \/><br \/>\nLa t\u00eate qui d\u00e9passe<\/a><\/td>\n<\/tr>\n<tr>\n<td align=\"center\" valign=\"middle\"><a rel=\"lightbox[balade]\" href=\" http:\/\/titeroute.org\/wordpress\/wp-content\/uploads\/2010\/10\/jour8_10.jpg\"><img decoding=\"async\" src=\" http:\/\/titeroute.org\/wordpress\/wp-content\/uploads\/2010\/10\/TN_jour8_10.jpg\" alt=\"Couch\u00e9 d\u00e9hanch\u00e9\" \/><br \/>\nCouch\u00e9 d\u00e9hanch\u00e9<\/a><\/td>\n<td align=\"center\" valign=\"middle\"><a rel=\"lightbox[balade]\" href=\" http:\/\/titeroute.org\/wordpress\/wp-content\/uploads\/2010\/10\/jour8_11.jpg\"><img decoding=\"async\" src=\" http:\/\/titeroute.org\/wordpress\/wp-content\/uploads\/2010\/10\/TN_jour8_11.jpg\" alt=\"Supermot\" \/><br \/>\nSupermot<\/a><\/td>\n<\/tr>\n<\/tbody>\n<\/table>\n<p>Quelques uns ont connu des d\u00e9boires : une chute pour un concurrent en super Duke qui a quand m\u00eame fini la sp\u00e9ciale avec un pneu crev\u00e9 et l&rsquo;avant enti\u00e8rement d\u00e9fonc\u00e9. Une des motos \u00e9lectriques est tomb\u00e9e en panne de batterie avant la fin. Un autre concurrent a d\u00fb cramer son embrayage et finir la mont\u00e9e en poussant. Et malheureusement, Fredo, l&rsquo;un des Normands dont j&rsquo;ai suivi les p\u00e9rip\u00e9ties depuis le d\u00e9but, est tomb\u00e9 contre un rocher, sans aller vite ni faire le con. Bilan : 6 c\u00f4tes et 2 vert\u00e8bres cass\u00e9es, rein, rate et poumon touch\u00e9s. C&rsquo;est rageant quand \u00e7a arrive, d&rsquo;autant plus si pr\u00e8s de l&rsquo;arriv\u00e9e.<\/p>\n<table border=\"0\" align=\"center\">\n<tbody>\n<tr>\n<td align=\"center\" valign=\"middle\"><a rel=\"lightbox[balade]\" href=\" http:\/\/titeroute.org\/wordpress\/wp-content\/uploads\/2010\/10\/jour8_06.jpg\"><img decoding=\"async\" src=\"http:\/\/titeroute.org\/wordpress\/wp-content\/uploads\/2010\/10\/TN_jour8_06.jpg\" alt=\"Pousser en c\u00f4te n'aide pas \u00e0 faire un scratch\" \/><br \/>\nEmbrayage mort<\/a><\/td>\n<\/tr>\n<\/tbody>\n<\/table>\n<p>La Pan-Euro dont j&rsquo;ai parl\u00e9 au d\u00e9but est arriv\u00e9e \u00e0 bon port, les valoches un peu ray\u00e9es. De l&rsquo;avis de pas mal de monde, l&rsquo;Italien envoyait pas mal avec son enclume qui ne ressemble pas vraiment \u00e0 la machine de guerre id\u00e9ale pour le rallye routier.<\/p>\n<table border=\"0\" align=\"center\">\n<tbody>\n<tr>\n<td align=\"center\" valign=\"middle\"><a rel=\"lightbox[balade]\" href=\" http:\/\/titeroute.org\/wordpress\/wp-content\/uploads\/2010\/10\/jour8_04.jpg\"><img decoding=\"async\" src=\"http:\/\/titeroute.org\/wordpress\/wp-content\/uploads\/2010\/10\/TN_jour8_04.jpg\" alt=\"Les valises comment limiteurs d'angle\" \/><br \/>\nLes valises comme limiteurs d&rsquo;angle<\/a><\/td>\n<\/tr>\n<\/tbody>\n<\/table>\n<p>Bref, une chouette finale, pour un chouette rallye, sous le soleil.<\/p>\n","protected":false},"excerpt":{"rendered":"<p>Dimanche 3 octobre &#8211; Sp\u00e9ciale du mont Faron La sp\u00e9ciale du mont Faron, c&rsquo;est la cerise sur le g\u00e2teau du Moto Tour. Une RAC (route &hellip; <\/p>\n","protected":false},"author":1,"featured_media":0,"comment_status":"closed","ping_status":"closed","sticky":false,"template":"","format":"standard","meta":{"footnotes":""},"categories":[16,5,6,15],"tags":[],"class_list":["post-861","post","type-post","status-publish","format-standard","hentry","category-histoires","category-01_moto","category-02_photos","category-rallyes-routiers","has-meta"],"_links":{"self":[{"href":"https:\/\/titeroute.org\/index.php?rest_route=\/wp\/v2\/posts\/861","targetHints":{"allow":["GET"]}}],"collection":[{"href":"https:\/\/titeroute.org\/index.php?rest_route=\/wp\/v2\/posts"}],"about":[{"href":"https:\/\/titeroute.org\/index.php?rest_route=\/wp\/v2\/types\/post"}],"author":[{"embeddable":true,"href":"https:\/\/titeroute.org\/index.php?rest_route=\/wp\/v2\/users\/1"}],"replies":[{"embeddable":true,"href":"https:\/\/titeroute.org\/index.php?rest_route=%2Fwp%2Fv2%2Fcomments&post=861"}],"version-history":[{"count":6,"href":"https:\/\/titeroute.org\/index.php?rest_route=\/wp\/v2\/posts\/861\/revisions"}],"predecessor-version":[{"id":1012,"href":"https:\/\/titeroute.org\/index.php?rest_route=\/wp\/v2\/posts\/861\/revisions\/1012"}],"wp:attachment":[{"href":"https:\/\/titeroute.org\/index.php?rest_route=%2Fwp%2Fv2%2Fmedia&parent=861"}],"wp:term":[{"taxonomy":"category","embeddable":true,"href":"https:\/\/titeroute.org\/index.php?rest_route=%2Fwp%2Fv2%2Fcategories&post=861"},{"taxonomy":"post_tag","embeddable":true,"href":"https:\/\/titeroute.org\/index.php?rest_route=%2Fwp%2Fv2%2Ftags&post=861"}],"curies":[{"name":"wp","href":"https:\/\/api.w.org\/{rel}","templated":true}]}}